{"id":232549,"date":"2025-10-16T08:49:30","date_gmt":"2025-10-16T15:49:30","guid":{"rendered":"https:\/\/rnoticias.com.mx\/Portal\/?p=232549"},"modified":"2025-10-16T08:49:30","modified_gmt":"2025-10-16T15:49:30","slug":"el-pesimismo-vuelve-a-la-seleccion-mexicana-tras-racha-de-cuatro-juegos-sin-ganar","status":"publish","type":"post","link":"https:\/\/rnoticias.com.mx\/Portal\/2025\/10\/16\/el-pesimismo-vuelve-a-la-seleccion-mexicana-tras-racha-de-cuatro-juegos-sin-ganar\/","title":{"rendered":"El pesimismo vuelve a la Selecci\u00f3n Mexicana tras racha de cuatro juegos sin ganar"},"content":{"rendered":"<p>Apenas finalizado del encuentro amistoso entre M\u00e9xico y Ecuador, un sonoro abucheo se escuch\u00f3 en las gradas del estadio Akron en un claro reflejo del descontento de los aficionados del Tri.<\/p>\n<p><strong>Despu\u00e9s de perder 4-0 con Colombia en un amistoso en Estados Unidos e igualar 1-1 con los ecuatorianos en casa, parece claro que las sensaciones negativas vuelven a atenazar a la selecci\u00f3n de M\u00e9xico a menos de nueve meses de tocarle inaugurar el Mundial 2026.<\/strong><\/p>\n<p>&#8220;Cuando ganamos las dos Copas todo iba viento en popa. Ahora, despu\u00e9s de estos resultados, la gente regresa al escepticismo, a las dudas de alineaciones y de sistema. Hay que habituarse a ello&#8221;, dijo el entrenador Javier Aguirre. &#8220;No soy qui\u00e9n para juzgar, ni tengo ganas&#8221;.<\/p>\n<p>Despu\u00e9s de coronarse en la Liga de Naciones y en la Copa Oro, a pesar de no tener un gran desempe\u00f1o, el optimismo resurgi\u00f3 M\u00e9xico. Pero los empates ante Corea del Sur y Jap\u00f3n, combinados con los \u00faltimos dos resultados, han cambiado esos sentimientos.<\/p>\n<p><strong>&#8220;Puedo inflar resultados trayendo rivales a modo y desde el minuto uno dije que no&#8221;, manifest\u00f3 Aguirre. Pudimos ganar las competencias oficiales ante los mejores del \u00e1rea y a partir de ah\u00ed son rivales de altura. Esto de no poder ganar nos va haciendo fuertes&#8221;.<\/strong><\/p>\n<p>Aguirre tambi\u00e9n dej\u00f3 en claro la v\u00edspera que muchos jugadores no rindieron lo esperado y seguir\u00e1 con la b\u00fasqueda para armar la lista final que encare la Copa del Mundo en casa.<\/p>\n<p><strong>Para la fecha internacional del noviembre, M\u00e9xico enfrentar\u00e1 a Uruguay en Torre\u00f3n, y despu\u00e9s chocar\u00e1 con Paraguay en San Antonio, Texas. Para enero la idea es ir a disputar dos encuentros a Centroam\u00e9rica, pero no hay nada concretado.<\/strong><\/p>\n<p><strong>Entre varios cambios en la n\u00f3mina, uno que parece inminente es el regreso del veterano portero Guillermo Ochoa.<\/strong>\u00a0Aguirre dijo recientemente que la posici\u00f3n donde tiene m\u00e1s dudas es la de arquero y que ninguno de los siete que ha citado han logrado convencerle.<\/p>\n<p>Luis Malag\u00f3n, del Am\u00e9rica, se perfilaba como el relevo de Ochoa, pero no ha podido aprovechar su oportunidad con constante titubeos e irregulares actuaciones. Ra\u00fal Rangel se vio s\u00f3lido ante Ecuador, aunque no fue tan exigido. Carlos Acevedo fue citado, pero no recibi\u00f3 minutos.<\/p>\n<p>Ochoa, quien busca ser convocado a un sexto Mundial y actualmente para el club chipriota AEL Limassol, no ha sido llamado recientemente, pero Aguirre lo alab\u00f3 fuertemente esta semana y parece que tendr\u00e1 una nueva oportunidad.<\/p>\n<p>Aguirre tiene otras preocupaciones.\u00a0<strong>Del partido ante Colombia s\u00f3lo tres jugadores repitieron, los centrales C\u00e9sar Montes y Johan V\u00e1zquez, y el volante Erik Lira.<\/strong><\/p>\n<p><strong>&#8220;Saquen sus conclusiones&#8221;, dijo Aguirre a un cuestionamiento directo sobre los cambios. &#8220;Estamos buscando jugadores de aqu\u00ed al Mundial&#8221;.<\/strong><\/p>\n<p>Dos posiciones que parecen una puerta giratoria son los dos laterales, especialmente el derecho, donde m\u00e1s de media docena de jugadores han probado suerte sin que ninguno logre apoderarse del sitio.<\/p>\n<p>&#8220;De aqu\u00ed al Mundial hay m\u00e1s partidos ante rivales de abolengo, hay que seguir buscando el sistema y los jugadores&#8221;, dijo el entrenador.<\/p>\n<p>Ante la ausencia de Ra\u00fal Jim\u00e9nez, los dos encuentros parec\u00edan una gran oportunidad para el lucimiento de Santiago Gim\u00e9nez, pero el ariete del AC Milan no se vio bien como titular ante Colombia y tuvo poco que hacer como relevo ante Ecuador.<\/p>\n<p>A pesar de eso, Aguirre dijo que la posici\u00f3n de centro delantero le preocupa poco. Germ\u00e1n Berterame aprovech\u00f3 salir de inicio y marc\u00f3 el gol ante Ecuador.<\/p>\n<p>&#8220;Estoy tranquilo en esa posici\u00f3n con Corea hicieron gol los dos Jim\u00e9nez, hoy marc\u00f3 Berterame y ante Colombia tuvo un palo, es un jugador que est\u00e1 de dulce y es mexicano y hay que aprovecharlo&#8221;, dijo Aguirre.<\/p>\n<p>En la baraja de centro delantero, Aguirre tambi\u00e9n cuenta con Henry Mart\u00edn y \u00c1ngel Sep\u00falveda, quienes van saliendo de lesiones.<\/p>\n","protected":false},"excerpt":{"rendered":"<p>Apenas finalizado del encuentro amistoso entre M\u00e9xico y Ecuador, un sonoro abucheo se escuch\u00f3 en las gradas del estadio Akron en un claro reflejo del descontento de los aficionados del Tri. Despu\u00e9s de perder 4-0 con Colombia en un amistoso en Estados Unidos e igualar 1-1 con los ecuatorianos en casa, parece claro que las [&hellip;]<\/p>\n","protected":false},"author":2,"featured_media":232550,"comment_status":"closed","ping_status":"closed","sticky":false,"template":"","format":"standard","meta":{"footnotes":""},"categories":[188,12870],"tags":[5231,12865],"class_list":["post-232549","post","type-post","status-publish","format-standard","has-post-thumbnail","hentry","category-deportes","category-destacadas","tag-deportes","tag-destacadas"],"jetpack_featured_media_url":"https:\/\/rnoticias.com.mx\/Portal\/wp-content\/uploads\/2025\/10\/javier-aguirre-debut-seleccion-mexicana.png","amp_enabled":true,"_links":{"self":[{"href":"https:\/\/rnoticias.com.mx\/Portal\/wp-json\/wp\/v2\/posts\/232549","targetHints":{"allow":["GET"]}}],"collection":[{"href":"https:\/\/rnoticias.com.mx\/Portal\/wp-json\/wp\/v2\/posts"}],"about":[{"href":"https:\/\/rnoticias.com.mx\/Portal\/wp-json\/wp\/v2\/types\/post"}],"author":[{"embeddable":true,"href":"https:\/\/rnoticias.com.mx\/Portal\/wp-json\/wp\/v2\/users\/2"}],"replies":[{"embeddable":true,"href":"https:\/\/rnoticias.com.mx\/Portal\/wp-json\/wp\/v2\/comments?post=232549"}],"version-history":[{"count":2,"href":"https:\/\/rnoticias.com.mx\/Portal\/wp-json\/wp\/v2\/posts\/232549\/revisions"}],"predecessor-version":[{"id":232552,"href":"https:\/\/rnoticias.com.mx\/Portal\/wp-json\/wp\/v2\/posts\/232549\/revisions\/232552"}],"wp:featuredmedia":[{"embeddable":true,"href":"https:\/\/rnoticias.com.mx\/Portal\/wp-json\/wp\/v2\/media\/232550"}],"wp:attachment":[{"href":"https:\/\/rnoticias.com.mx\/Portal\/wp-json\/wp\/v2\/media?parent=232549"}],"wp:term":[{"taxonomy":"category","embeddable":true,"href":"https:\/\/rnoticias.com.mx\/Portal\/wp-json\/wp\/v2\/categories?post=232549"},{"taxonomy":"post_tag","embeddable":true,"href":"https:\/\/rnoticias.com.mx\/Portal\/wp-json\/wp\/v2\/tags?post=232549"}],"curies":[{"name":"wp","href":"https:\/\/api.w.org\/{rel}","templated":true}]}}