{"id":232546,"date":"2025-10-16T08:31:20","date_gmt":"2025-10-16T15:31:20","guid":{"rendered":"https:\/\/rnoticias.com.mx\/Portal\/?p=232546"},"modified":"2025-10-16T10:13:29","modified_gmt":"2025-10-16T17:13:29","slug":"uruguay-el-tercer-pais-de-america-que-legaliza-la-eutanasia-activa","status":"publish","type":"post","link":"https:\/\/rnoticias.com.mx\/Portal\/2025\/10\/16\/uruguay-el-tercer-pais-de-america-que-legaliza-la-eutanasia-activa\/","title":{"rendered":"Uruguay, el tercer pa\u00eds de Am\u00e9rica que legaliza la eutanasia activa"},"content":{"rendered":"<p><strong>Uruguay legaliz\u00f3 este mi\u00e9rcoles la eutanasia mediante la votaci\u00f3n del proyecto de ley de Muerte Digna,<\/strong>\u00a0llevada a cabo en la C\u00e1mara de Senadores.<\/p>\n<p>Luego de m\u00e1s de diez horas de debate, los legisladores del oficialista Frente Amplio alzaron su mano para expresarse a favor, as\u00ed como tambi\u00e9n lo hicieron algunos de los pertenecientes a los opositores Partido Colorado y Partido Nacional.<\/p>\n<p>El proyecto aprobado busca garantizar el derecho a\u00a0<strong>&#8220;transcurrir dignamente el proceso de morir&#8221;\u00a0<\/strong>mediante la despenalizaci\u00f3n de la eutanasia en los mayores de edad ps\u00edquicamente aptos que atraviesen la etapa terminal de enfermedades incurables e irreversibles o que padezcan por ellas sufrimientos insoportables.<\/p>\n<p><strong>&#8220;Podr\u00e1n ampararse a las disposiciones contenidas en esta ley los ciudadanos uruguayos naturales o legales y los extranjeros que acrediten fehacientemente su residencia habitual en el territorio de la Rep\u00fablica&#8221;<\/strong>, cita el texto, que detalla luego el paso a paso del procedimiento para la eutanasia.<\/p>\n<p>El pasado 13 de agosto, Uruguay hab\u00eda dado el primer paso hacia la legalizaci\u00f3n de la eutanasia con la aprobaci\u00f3n del proyecto de ley en la C\u00e1mara de Representantes.<\/p>\n<p>Luego de esto,\u00a0<strong>avanz\u00f3 a la Comisi\u00f3n de Salud P\u00fablica del Senado, donde los legisladores que la integraban recibieron para dialogar a diferentes colectivos y luego votaron su aprobaci\u00f3n, lo que permiti\u00f3 que pasara al pleno.<\/strong><\/p>\n<p>Este mi\u00e9rcoles, en el comienzo del debate, el senador del Frente Amplio Daniel Borbonet tom\u00f3 la palabra como miembro informante y all\u00ed destac\u00f3 los pasos dados anteriormente.<\/p>\n<p><strong>&#8220;Este proyecto ha sido construido con responsabilidad. Muy debatido en diputados, con una comunicaci\u00f3n muy directa con senadoras y senadores se lleg\u00f3 a este proyecto. Se han establecido garant\u00edas claras para proteger a los pacientes, se deposita confianza en los profesionales m\u00e9dicos y en los equipos de salud. Se ha respetado la voluntad individual&#8221;<\/strong>, explic\u00f3.<\/p>\n<p>Asimismo, hizo hincapi\u00e9 en que el proyecto no obliga a nadie, sino que es un alternativa.<\/p>\n<p><strong>&#8220;Es un derecho a decidir. No sustituye lo ya existente y no impone conducta. Transcurrir con dignidad el proceso final de la vida cursando una enfermedad intratable, incurable, irreversible, con sufrimiento insoportable y con grave y progresivo deterioro de la calidad de vida no es un delito, por lo que no se debe penalizar a nadie&#8221;<\/strong>, enfatiz\u00f3.<\/p>\n<p>En su misma l\u00ednea, el senador colorado Ope Pasquet defendi\u00f3 la ley en di\u00e1logo con la Agencia EFE.<\/p>\n<p><strong>&#8220;La ley es necesaria, liberal y humanitaria. Es necesaria porque hay mucha gente que llega al final de la vida afectada por enfermedades incurables e irreversibles, que padecen sufrimientos insoportables y que a veces algunas quieren acortar la vida para no sufrir hasta el final&#8221;,<\/strong>\u00a0explic\u00f3.<\/p>\n<p>Pasquet hab\u00eda presentado en 2020 un proyecto para legalizar la eutanasia que fue aprobado en la C\u00e1mara de Representantes pero no consigui\u00f3 los votos necesarios en la Comisi\u00f3n de Salud del Senado.<\/p>\n<p>Ahora, con una nueva ley ya sancionada, el Poder Ejecutivo deber\u00e1 reglamentarla en un plazo que no exceda los 180 d\u00edas desde su promulgaci\u00f3n.<\/p>\n<p>A su vez, la norma indica que desde la reglamentaci\u00f3n correr\u00e1 un plazo que no puede superar los 90 d\u00edas para que quede conformada la Comisi\u00f3n Honoraria de Revisi\u00f3n que, dice el texto,<strong>\u00a0&#8220;ser\u00e1 presidida por el Ministerio de Salud P\u00fablica y tendr\u00e1 como objetivo la revisi\u00f3n de los procedimientos realizados en el marco del ejercicio del derecho de eutanasia&#8221;.<\/strong><\/p>\n<p>Esta\u00a0<strong>&#8220;estar\u00e1 integrada por un representante del Ministerio de Salud P\u00fablica, un representante del Colegio M\u00e9dico del Uruguay, un representante de la Universidad de la Rep\u00fablica y un representante de la Instituci\u00f3n Nacional de Derechos Humanos y Defensor\u00eda del Pueblo&#8221;<\/strong>\u00a0del pa\u00eds y elaborar\u00e1 un informe anual que remitir\u00e1 a esa cartera y a la Asamblea General.<\/p>\n<p>&nbsp;<\/p>\n<p>Fuente: EFE<\/p>\n","protected":false},"excerpt":{"rendered":"<p>Uruguay legaliz\u00f3 este mi\u00e9rcoles la eutanasia mediante la votaci\u00f3n del proyecto de ley de Muerte Digna,\u00a0llevada a cabo en la C\u00e1mara de Senadores. Luego de m\u00e1s de diez horas de debate, los legisladores del oficialista Frente Amplio alzaron su mano para expresarse a favor, as\u00ed como tambi\u00e9n lo hicieron algunos de los pertenecientes a los [&hellip;]<\/p>\n","protected":false},"author":2,"featured_media":232547,"comment_status":"closed","ping_status":"closed","sticky":false,"template":"","format":"standard","meta":{"footnotes":""},"categories":[12870,182],"tags":[12865,12871],"class_list":["post-232546","post","type-post","status-publish","format-standard","has-post-thumbnail","hentry","category-destacadas","category-internacional","tag-destacadas","tag-internacional"],"jetpack_featured_media_url":"https:\/\/rnoticias.com.mx\/Portal\/wp-content\/uploads\/2025\/10\/image-2025-10-15T223943.959.jpg","amp_enabled":true,"_links":{"self":[{"href":"https:\/\/rnoticias.com.mx\/Portal\/wp-json\/wp\/v2\/posts\/232546","targetHints":{"allow":["GET"]}}],"collection":[{"href":"https:\/\/rnoticias.com.mx\/Portal\/wp-json\/wp\/v2\/posts"}],"about":[{"href":"https:\/\/rnoticias.com.mx\/Portal\/wp-json\/wp\/v2\/types\/post"}],"author":[{"embeddable":true,"href":"https:\/\/rnoticias.com.mx\/Portal\/wp-json\/wp\/v2\/users\/2"}],"replies":[{"embeddable":true,"href":"https:\/\/rnoticias.com.mx\/Portal\/wp-json\/wp\/v2\/comments?post=232546"}],"version-history":[{"count":1,"href":"https:\/\/rnoticias.com.mx\/Portal\/wp-json\/wp\/v2\/posts\/232546\/revisions"}],"predecessor-version":[{"id":232548,"href":"https:\/\/rnoticias.com.mx\/Portal\/wp-json\/wp\/v2\/posts\/232546\/revisions\/232548"}],"wp:featuredmedia":[{"embeddable":true,"href":"https:\/\/rnoticias.com.mx\/Portal\/wp-json\/wp\/v2\/media\/232547"}],"wp:attachment":[{"href":"https:\/\/rnoticias.com.mx\/Portal\/wp-json\/wp\/v2\/media?parent=232546"}],"wp:term":[{"taxonomy":"category","embeddable":true,"href":"https:\/\/rnoticias.com.mx\/Portal\/wp-json\/wp\/v2\/categories?post=232546"},{"taxonomy":"post_tag","embeddable":true,"href":"https:\/\/rnoticias.com.mx\/Portal\/wp-json\/wp\/v2\/tags?post=232546"}],"curies":[{"name":"wp","href":"https:\/\/api.w.org\/{rel}","templated":true}]}}