{"id":232540,"date":"2025-10-16T08:28:43","date_gmt":"2025-10-16T15:28:43","guid":{"rendered":"https:\/\/rnoticias.com.mx\/Portal\/?p=232540"},"modified":"2025-10-16T08:28:43","modified_gmt":"2025-10-16T15:28:43","slug":"consulado-de-eu-en-tijuana-emite-alerta-a-sus-ciudadanos","status":"publish","type":"post","link":"https:\/\/rnoticias.com.mx\/Portal\/2025\/10\/16\/consulado-de-eu-en-tijuana-emite-alerta-a-sus-ciudadanos\/","title":{"rendered":"Consulado de EU en Tijuana emite alerta a sus ciudadanos"},"content":{"rendered":"<p>El\u00a0<strong>Consulado General de Estados Unidos en Tijuana e<\/strong>miti\u00f3 una<strong>\u00a0alerta tras los reportes de un ataque con explosivos<\/strong>\u00a0contra la\u00a0<strong>Oficina de la Fiscal\u00eda General del Estado de Baja California<\/strong>.<\/p>\n<p>&#8220;Hemos recibido la confirmaci\u00f3n del\u00a0<strong>reporte de un ataque a las oficinas de la Fiscal\u00eda General de Baja California en el \u00e1rea de las playas de Tijuana.<\/strong>\u00a0Los reportes iniciales indican que el ataque incluy\u00f3\u00a0<strong>explosivos con m\u00faltiples explosiones reportadas<\/strong>&#8220;, apunt\u00f3 la embajada estadounidense en la alerta.<\/p>\n<p>Ante ello, las autoridades estadounidenses solicitaron al p\u00fablico\u00a0<strong>mantenerse al pendiente de los noticieros locales y no transitar cerca de la zona<\/strong>. Tambi\u00e9n solicitaron informar a amigos y familiares sobre la situaci\u00f3n.<\/p>\n<p>En el caso de ciudadanos estadounidenses,\u00a0<strong>el consulado reiter\u00f3 los n\u00fameros de contacto a los que pueden comunicarse para solicitar apoyo<\/strong> o informaci\u00f3n al respecto (55) 5080 2000 desde M\u00e9xico y al 011 52 55 5080 2000 desde Estados Unidos.<\/p>\n<p>El mi\u00e9rcoles, la\u00a0<strong>Fiscal\u00eda General de Baja California<\/strong>\u00a0inform\u00f3 que alrededor de las 19:00 hora local (02:00 GMT del jueves)\u00a0<strong>se registr\u00f3 un incidente en las instalaciones de la unidad antisecuestros ubicada en Playas de Tijuana<\/strong>.<\/p>\n<p>&#8220;Tras realizar una inspecci\u00f3n en el \u00e1rea se encontraron lo que pudiera ser\u00a0<strong>vestigios de artefactos explosivos<\/strong>, que a su vez ocasionaron algunos da\u00f1os materiales en bienes inmuebles de la instituci\u00f3n, cuatro veh\u00edculos particulares y dos veh\u00edculos oficiales&#8221;, apunt\u00f3 la dependencia.<\/p>\n<p>Sin embargo,\u00a0<strong>no report\u00f3 personas heridas o afectadas.<\/strong><\/p>\n<p>M\u00e1s tarde, la titular de la dependencia,\u00a0<strong>Mar\u00eda Elena Andrade Ram\u00edrez, conden\u00f3 los ataques ocurridos contra las instalaciones de la Fiscal\u00eda\u00a0<\/strong>y afirm\u00f3 que &#8220;ning\u00fan ataque detendr\u00e1 el trabajo de investigaci\u00f3n ni el compromiso con la justicia&#8221;.<\/p>\n","protected":false},"excerpt":{"rendered":"<p>El\u00a0Consulado General de Estados Unidos en Tijuana emiti\u00f3 una\u00a0alerta tras los reportes de un ataque con explosivos\u00a0contra la\u00a0Oficina de la Fiscal\u00eda General del Estado de Baja California. &#8220;Hemos recibido la confirmaci\u00f3n del\u00a0reporte de un ataque a las oficinas de la Fiscal\u00eda General de Baja California en el \u00e1rea de las playas de Tijuana.\u00a0Los reportes iniciales [&hellip;]<\/p>\n","protected":false},"author":2,"featured_media":232541,"comment_status":"closed","ping_status":"closed","sticky":false,"template":"","format":"standard","meta":{"footnotes":""},"categories":[12870,172],"tags":[12865,12874],"class_list":["post-232540","post","type-post","status-publish","format-standard","has-post-thumbnail","hentry","category-destacadas","category-nacional","tag-destacadas","tag-nacional"],"jetpack_featured_media_url":"https:\/\/rnoticias.com.mx\/Portal\/wp-content\/uploads\/2025\/10\/272814xeva20251016090610.webp","amp_enabled":true,"_links":{"self":[{"href":"https:\/\/rnoticias.com.mx\/Portal\/wp-json\/wp\/v2\/posts\/232540","targetHints":{"allow":["GET"]}}],"collection":[{"href":"https:\/\/rnoticias.com.mx\/Portal\/wp-json\/wp\/v2\/posts"}],"about":[{"href":"https:\/\/rnoticias.com.mx\/Portal\/wp-json\/wp\/v2\/types\/post"}],"author":[{"embeddable":true,"href":"https:\/\/rnoticias.com.mx\/Portal\/wp-json\/wp\/v2\/users\/2"}],"replies":[{"embeddable":true,"href":"https:\/\/rnoticias.com.mx\/Portal\/wp-json\/wp\/v2\/comments?post=232540"}],"version-history":[{"count":1,"href":"https:\/\/rnoticias.com.mx\/Portal\/wp-json\/wp\/v2\/posts\/232540\/revisions"}],"predecessor-version":[{"id":232542,"href":"https:\/\/rnoticias.com.mx\/Portal\/wp-json\/wp\/v2\/posts\/232540\/revisions\/232542"}],"wp:featuredmedia":[{"embeddable":true,"href":"https:\/\/rnoticias.com.mx\/Portal\/wp-json\/wp\/v2\/media\/232541"}],"wp:attachment":[{"href":"https:\/\/rnoticias.com.mx\/Portal\/wp-json\/wp\/v2\/media?parent=232540"}],"wp:term":[{"taxonomy":"category","embeddable":true,"href":"https:\/\/rnoticias.com.mx\/Portal\/wp-json\/wp\/v2\/categories?post=232540"},{"taxonomy":"post_tag","embeddable":true,"href":"https:\/\/rnoticias.com.mx\/Portal\/wp-json\/wp\/v2\/tags?post=232540"}],"curies":[{"name":"wp","href":"https:\/\/api.w.org\/{rel}","templated":true}]}}