{"id":232505,"date":"2025-10-15T16:43:50","date_gmt":"2025-10-15T23:43:50","guid":{"rendered":"https:\/\/rnoticias.com.mx\/Portal\/?p=232505"},"modified":"2025-10-15T16:43:50","modified_gmt":"2025-10-15T23:43:50","slug":"matriarca-de-hermosillo-reconocida-por-su-generosidad-necesita-apoyo-tras-derrame-cerebral","status":"publish","type":"post","link":"https:\/\/rnoticias.com.mx\/Portal\/2025\/10\/15\/matriarca-de-hermosillo-reconocida-por-su-generosidad-necesita-apoyo-tras-derrame-cerebral\/","title":{"rendered":"Matriarca de Hermosillo, reconocida por su generosidad, necesita apoyo tras derrame cerebral"},"content":{"rendered":"<p><strong>Margarita <\/strong>es una matriarca de Hermosillo, Sonora, que por a\u00f1os ha sido un pilar poderoso para su comunidad, pues sus seres queridos afirman que ha dedicado su vida a ayudar a todo aquel que lo ha necesitado, siempre con una generosidad incondicional. Hoy, quien fue siempre la primera en tender la mano, necesita apoyo.<\/p>\n<p>Desafortunadamente, Margarita sufri\u00f3 un derrame cerebral consecuencia de una trombosis, una emergencia m\u00e9dica que la ha puesto en una situaci\u00f3n cr\u00edtica, por lo que se ha emprendido <a href=\"https:\/\/gofund.me\/521cc7472\">una colecta solidaria<\/a> llamada <em>\u201cUna Urgencia de Amor por Margarita: Ayuda para Gastos M\u00e9dico\u201d,<\/em> y as\u00ed, pueda tener una verdadera oportunidad de recuperaci\u00f3n.<\/p>\n<p><strong>Una emergencia que no puede esperar<\/strong><\/p>\n<p>El accidente cerebrovascular (ACV), tambi\u00e9n conocido como ictus, es una emergencia m\u00e9dica que debe atenderse durante los primeros minutos para evitar secuelas irreversibles o el fallecimiento. Seg\u00fan el <strong>Instituto Nacional de Neurolog\u00eda y Neurocirug\u00eda (INNN)<\/strong>, cada segundo cuenta en estos casos.<\/p>\n<p>El ACV se presenta por la oclusi\u00f3n de peque\u00f1os vasos en el cerebro o por la ruptura y acumulaci\u00f3n de grasas y colesterol dentro de las arterias,<strong> lo que reduce significativamente la circulaci\u00f3n de sangre al cerebro<\/strong>. Los s\u00edntomas demandan traslado inmediato al hospital para recibir atenci\u00f3n oportuna.<\/p>\n<p>En M\u00e9xico, el impacto del accidente cerebrovascular es alarmante. En 2021, el ictus fue la s\u00e9ptima causa de muerte en la poblaci\u00f3n general, ocasionando 37 mil 453 decesos, en su mayor\u00eda en hombres mayores de 65 a\u00f1os, de acuerdo con datos del Instituto Nacional de Estad\u00edstica y Geograf\u00eda (INEGI).<\/p>\n<p>A nivel mundial, el ACV <strong>es la primera causa de discapacidad en personas adultas<\/strong>. En nuestro pa\u00eds, existen 118 casos por cada cien mil habitantes, lo que representa aproximadamente 170 mil nuevos pacientes al a\u00f1o. Las cifras son preocupantes: el 20 por ciento de los pacientes puede fallecer en los primeros 30 d\u00edas, y <strong>siete de cada diez quedar\u00e1n con alguna discapacidad.<\/strong><\/p>\n<p><strong>Gastos impagables tras emergencia<\/strong><\/p>\n<p>Los gastos de la atenci\u00f3n de emergencia que ha recibido Margarita en el hospital privado han escalado a una cifra que supera con creces lo que la familia puede asumir. El tratamiento especializado, la hospitalizaci\u00f3n prolongada y los cuidados cr\u00edticos que requiere su recuperaci\u00f3n representan una carga econ\u00f3mica significativa en un momento de extrema vulnerabilidad.<\/p>\n<p><strong><em>\u201cEs momento de devolverle a nuestra abuela, madre, hermana, amiga, maestra y vecina el amor que ella nos ha dado\u201d<\/em><\/strong>, menciona Amanda Lozano, organizadora de la colecta solidaria cuya meta es reunir 200 mil pesos.<\/p>\n<p>El pr\u00f3ximo 29 de octubre es el <strong>D\u00eda Mundial del Ictus<\/strong> (accidente cerebrovascular) y su caso es un gran ejemplo del reto m\u00e9dico que representa para las familias y pacientes un evento como este. S\u00famate como muestra de solidaridad aqu\u00ed: <a href=\"https:\/\/gofund.me\/521cc7472\">https:\/\/gofund.me\/521cc7472<\/a><\/p>\n","protected":false},"excerpt":{"rendered":"<p>Margarita es una matriarca de Hermosillo, Sonora, que por a\u00f1os ha sido un pilar poderoso para su comunidad, pues sus seres queridos afirman que ha dedicado su vida a ayudar a todo aquel que lo ha necesitado, siempre con una generosidad incondicional. Hoy, quien fue siempre la primera en tender la mano, necesita apoyo. Desafortunadamente, [&hellip;]<\/p>\n","protected":false},"author":2,"featured_media":232506,"comment_status":"closed","ping_status":"closed","sticky":false,"template":"","format":"standard","meta":{"footnotes":""},"categories":[12870,178],"tags":[12865,12869],"class_list":["post-232505","post","type-post","status-publish","format-standard","has-post-thumbnail","hentry","category-destacadas","category-local","tag-destacadas","tag-local"],"jetpack_featured_media_url":"https:\/\/rnoticias.com.mx\/Portal\/wp-content\/uploads\/2025\/10\/0adace2d-873f-475b-9b09-4ae25a3affc0.jpeg","amp_enabled":true,"_links":{"self":[{"href":"https:\/\/rnoticias.com.mx\/Portal\/wp-json\/wp\/v2\/posts\/232505","targetHints":{"allow":["GET"]}}],"collection":[{"href":"https:\/\/rnoticias.com.mx\/Portal\/wp-json\/wp\/v2\/posts"}],"about":[{"href":"https:\/\/rnoticias.com.mx\/Portal\/wp-json\/wp\/v2\/types\/post"}],"author":[{"embeddable":true,"href":"https:\/\/rnoticias.com.mx\/Portal\/wp-json\/wp\/v2\/users\/2"}],"replies":[{"embeddable":true,"href":"https:\/\/rnoticias.com.mx\/Portal\/wp-json\/wp\/v2\/comments?post=232505"}],"version-history":[{"count":1,"href":"https:\/\/rnoticias.com.mx\/Portal\/wp-json\/wp\/v2\/posts\/232505\/revisions"}],"predecessor-version":[{"id":232507,"href":"https:\/\/rnoticias.com.mx\/Portal\/wp-json\/wp\/v2\/posts\/232505\/revisions\/232507"}],"wp:featuredmedia":[{"embeddable":true,"href":"https:\/\/rnoticias.com.mx\/Portal\/wp-json\/wp\/v2\/media\/232506"}],"wp:attachment":[{"href":"https:\/\/rnoticias.com.mx\/Portal\/wp-json\/wp\/v2\/media?parent=232505"}],"wp:term":[{"taxonomy":"category","embeddable":true,"href":"https:\/\/rnoticias.com.mx\/Portal\/wp-json\/wp\/v2\/categories?post=232505"},{"taxonomy":"post_tag","embeddable":true,"href":"https:\/\/rnoticias.com.mx\/Portal\/wp-json\/wp\/v2\/tags?post=232505"}],"curies":[{"name":"wp","href":"https:\/\/api.w.org\/{rel}","templated":true}]}}