{"id":232493,"date":"2025-10-15T16:21:45","date_gmt":"2025-10-15T23:21:45","guid":{"rendered":"https:\/\/rnoticias.com.mx\/Portal\/?p=232493"},"modified":"2025-10-15T16:21:45","modified_gmt":"2025-10-15T23:21:45","slug":"amaia-montero-regresa-oficialmente-como-vocalista-de-la-oreja-de-van-gogh","status":"publish","type":"post","link":"https:\/\/rnoticias.com.mx\/Portal\/2025\/10\/15\/amaia-montero-regresa-oficialmente-como-vocalista-de-la-oreja-de-van-gogh\/","title":{"rendered":"Amaia Montero regresa oficialmente como vocalista de La Oreja de Van Gogh"},"content":{"rendered":"<p>La banda espa\u00f1ola\u00a0<strong>La Oreja de Van Gogh<\/strong>\u00a0anunci\u00f3 este 15 de octubre de 2025 el esperado regreso de<strong>\u00a0Amaia Montero\u00a0<\/strong>al grupo, luego de 18 a\u00f1os de su salida. En el comunicado oficial, los integrantes actuales comunicaron que Amaia se reincorpora para una nueva etapa que incluir\u00e1 gira y nueva m\u00fasica.<\/p>\n<p>Sin embargo, el regreso no ser\u00e1 con la formaci\u00f3n completa: el guitarrista y fundador\u00a0<strong>Pablo Benegas<\/strong>\u00a0anunci\u00f3 que no participar\u00e1 activamente en esta fase, aunque seguir\u00e1 siendo parte del grupo en un rol m\u00e1s discreto. En el comunicado se se\u00f1ala que desea centrarse en su familia y explorar nuevos proyectos personales.<\/p>\n<p>Los miembros restantes \u2014\u00c1lvaro Fuentes, Haritz Garde y Xabi San Mart\u00edn\u2014 acompa\u00f1ar\u00e1n ahora a Amaia en esta renovaci\u00f3n del proyecto musical. La banda adelant\u00f3 que han pasado este \u00faltimo a\u00f1o en San Sebasti\u00e1n\u00a0<strong>componiendo \u201cnuevas historias y recordando las anteriores\u201d<\/strong>.<\/p>\n<p>La noticia ha generado gran expectativa entre los seguidores del grupo, sobre todo porque ocurre justo un a\u00f1o despu\u00e9s de la salida de Leire Mart\u00ednez, quien fue vocalista desde 2008. Muchos esperan que pr\u00f3ximamente se den a conocer fechas de la gira 2026 y\u00a0<strong>nuevos lanzamientos musicales con esta formaci\u00f3n renovada<\/strong>.<\/p>\n<p>&nbsp;<\/p>\n<p>&nbsp;<\/p>\n<p>Fuente: El Pa\u00eds<\/p>\n","protected":false},"excerpt":{"rendered":"<p>La banda espa\u00f1ola\u00a0La Oreja de Van Gogh\u00a0anunci\u00f3 este 15 de octubre de 2025 el esperado regreso de\u00a0Amaia Montero\u00a0al grupo, luego de 18 a\u00f1os de su salida. En el comunicado oficial, los integrantes actuales comunicaron que Amaia se reincorpora para una nueva etapa que incluir\u00e1 gira y nueva m\u00fasica. Sin embargo, el regreso no ser\u00e1 con [&hellip;]<\/p>\n","protected":false},"author":2,"featured_media":232494,"comment_status":"closed","ping_status":"closed","sticky":false,"template":"","format":"standard","meta":{"footnotes":""},"categories":[12870,219],"tags":[12865,12875],"class_list":["post-232493","post","type-post","status-publish","format-standard","has-post-thumbnail","hentry","category-destacadas","category-espectaculos","tag-destacadas","tag-espectaculos"],"jetpack_featured_media_url":"https:\/\/rnoticias.com.mx\/Portal\/wp-content\/uploads\/2025\/10\/Amaia_Montero_-_Rock_in_Rio_Madrid_2012_-_01.jpg","amp_enabled":true,"_links":{"self":[{"href":"https:\/\/rnoticias.com.mx\/Portal\/wp-json\/wp\/v2\/posts\/232493","targetHints":{"allow":["GET"]}}],"collection":[{"href":"https:\/\/rnoticias.com.mx\/Portal\/wp-json\/wp\/v2\/posts"}],"about":[{"href":"https:\/\/rnoticias.com.mx\/Portal\/wp-json\/wp\/v2\/types\/post"}],"author":[{"embeddable":true,"href":"https:\/\/rnoticias.com.mx\/Portal\/wp-json\/wp\/v2\/users\/2"}],"replies":[{"embeddable":true,"href":"https:\/\/rnoticias.com.mx\/Portal\/wp-json\/wp\/v2\/comments?post=232493"}],"version-history":[{"count":1,"href":"https:\/\/rnoticias.com.mx\/Portal\/wp-json\/wp\/v2\/posts\/232493\/revisions"}],"predecessor-version":[{"id":232495,"href":"https:\/\/rnoticias.com.mx\/Portal\/wp-json\/wp\/v2\/posts\/232493\/revisions\/232495"}],"wp:featuredmedia":[{"embeddable":true,"href":"https:\/\/rnoticias.com.mx\/Portal\/wp-json\/wp\/v2\/media\/232494"}],"wp:attachment":[{"href":"https:\/\/rnoticias.com.mx\/Portal\/wp-json\/wp\/v2\/media?parent=232493"}],"wp:term":[{"taxonomy":"category","embeddable":true,"href":"https:\/\/rnoticias.com.mx\/Portal\/wp-json\/wp\/v2\/categories?post=232493"},{"taxonomy":"post_tag","embeddable":true,"href":"https:\/\/rnoticias.com.mx\/Portal\/wp-json\/wp\/v2\/tags?post=232493"}],"curies":[{"name":"wp","href":"https:\/\/api.w.org\/{rel}","templated":true}]}}