{"id":232490,"date":"2025-10-15T16:20:25","date_gmt":"2025-10-15T23:20:25","guid":{"rendered":"https:\/\/rnoticias.com.mx\/Portal\/?p=232490"},"modified":"2025-10-15T16:20:25","modified_gmt":"2025-10-15T23:20:25","slug":"expertos-comparten-su-vision-de-ciudades-inteligentes-y-con-menos-emisiones-de-carbono-en-el-foro-mundial-de-energia-solar-2025","status":"publish","type":"post","link":"https:\/\/rnoticias.com.mx\/Portal\/2025\/10\/15\/expertos-comparten-su-vision-de-ciudades-inteligentes-y-con-menos-emisiones-de-carbono-en-el-foro-mundial-de-energia-solar-2025\/","title":{"rendered":"Expertos comparten su visi\u00f3n de ciudades inteligentes y con menos emisiones de carbono en el Foro Mundial de Energ\u00eda Solar 2025"},"content":{"rendered":"<p>Hermosillo, Sonora; 15 de octubre de 2025.- Avanzar hacia ciudades m\u00e1s sostenibles, inclusivas e inteligentes requiere planeaci\u00f3n, innovaci\u00f3n tecnol\u00f3gica y colaboraci\u00f3n entre todos los sectores, coincidieron especialistas durante las conferencias presentadas en el Foro Mundial de Energ\u00eda Solar 2025, impulsado por el Gobierno Municipal de Hermosillo que encabeza Antonio Astiazar\u00e1n.<\/p>\n<p>Fairuz Loutfi, gerente de econom\u00eda circular y eficiencia energ\u00e9tica en el World Resources Institute (WRI), present\u00f3 el \u201cPlan de Descarbonizaci\u00f3n del Entorno Construido en Hermosillo\u201d, desarrollado en colaboraci\u00f3n con el Instituto Municipal de Planeaci\u00f3n Urbana (IMPLAN) y la Agencia Municipal de Energ\u00eda y Cambio Clim\u00e1tico (AMECC).<\/p>\n<p>Loutfi explic\u00f3 que este proyecto, implementado en M\u00e9xico e India, busca reducir las emisiones de gases de efecto invernadero del sector de la construcci\u00f3n, identificando pol\u00edticas p\u00fablicas, capacidades t\u00e9cnicas y datos clave para avanzar hacia edificaciones neto cero carbonos, plan del que Hermosillo forma parte.<\/p>\n<p>\u201cPara la ciudadan\u00eda y reconociendo que todos tenemos un rol, este plan de acci\u00f3n tiene metas espec\u00edficas, acciones clave, donde se puede definir qu\u00e9 tenemos que hacer para reducir el consumo de energ\u00eda, las emisiones, integrar energ\u00edas limpias, contar con aspectos de equidad de g\u00e9nero e inclusividad. Ya viene con acciones pr\u00e1cticas y espec\u00edficas en corto y mediano plazo para que el municipio avance en este camino\u201d, agreg\u00f3.<\/p>\n<p>Fairuz Loutfi, ingeniera mecatr\u00f3nica con maestr\u00eda en Gesti\u00f3n Ambiental por la Universidad de Yale, resalt\u00f3 que el plan contempla tambi\u00e9n un sistema de monitoreo y proyectos piloto que permitir\u00e1n medir los resultados de la implementaci\u00f3n, haciendo tangible el avance de Hermosillo hacia un entorno urbano m\u00e1s sostenible.<\/p>\n<p>Por su parte, el doctor Hugo Isaak, l\u00edder en Desarrollo de Ciudades Inteligentes desde la ONU y fundador de Neurabitat, present\u00f3 la conferencia en la que comparti\u00f3 modelos de aplicaci\u00f3n tecnol\u00f3gica que fortalecen la planeaci\u00f3n urbana y la gesti\u00f3n p\u00fablica.<\/p>\n<p>Isaak, doctor en Administraci\u00f3n P\u00fablica por la Universidad An\u00e1huac y la Universidad de Par\u00eds-Sorbona, explic\u00f3 c\u00f3mo la inteligencia artificial puede ayudar a los gobiernos a tomar decisiones m\u00e1s certeras sobre el desarrollo urbano, la asignaci\u00f3n de recursos y la atenci\u00f3n de las necesidades ciudadanas.<\/p>\n<p>\u201cLo que les present\u00e9 es un modelo de c\u00f3mo est\u00e1n las ciudades, como es un formato de comportamiento y patr\u00f3n de la ciudad, y c\u00f3mo estamos construyendo modelos con inteligencia artificial para la toma de decisiones de los alcaldes, de los legislativos, organismos de la sociedad civil, para poder saber y tomar decisiones contundentes, precisas, certeras\u201d, expres\u00f3.<\/p>\n<p>El especialista subray\u00f3 la importancia de foros como este para fortalecer la gobernanza y la transferencia de conocimiento<\/p>\n<p>Ambas conferencias coincidieron en la necesidad de liderazgo, innovaci\u00f3n y colaboraci\u00f3n como motores para construir ciudades que reduzcan su huella de carbono, aprovechen la tecnolog\u00eda y mejoren la calidad de vida de sus habitantes, tal como impulsa el Gobierno de Hermosillo con su visi\u00f3n de Ciudad Solar.<\/p>\n","protected":false},"excerpt":{"rendered":"<p>Hermosillo, Sonora; 15 de octubre de 2025.- Avanzar hacia ciudades m\u00e1s sostenibles, inclusivas e inteligentes requiere planeaci\u00f3n, innovaci\u00f3n tecnol\u00f3gica y colaboraci\u00f3n entre todos los sectores, coincidieron especialistas durante las conferencias presentadas en el Foro Mundial de Energ\u00eda Solar 2025, impulsado por el Gobierno Municipal de Hermosillo que encabeza Antonio Astiazar\u00e1n. Fairuz Loutfi, gerente de econom\u00eda [&hellip;]<\/p>\n","protected":false},"author":2,"featured_media":232491,"comment_status":"closed","ping_status":"closed","sticky":false,"template":"","format":"standard","meta":{"footnotes":""},"categories":[12870,178],"tags":[12865,12869],"class_list":["post-232490","post","type-post","status-publish","format-standard","has-post-thumbnail","hentry","category-destacadas","category-local","tag-destacadas","tag-local"],"jetpack_featured_media_url":"https:\/\/rnoticias.com.mx\/Portal\/wp-content\/uploads\/2025\/10\/f6eb9435-02f2-496e-a858-99f8b9ecff59.jpeg","amp_enabled":true,"_links":{"self":[{"href":"https:\/\/rnoticias.com.mx\/Portal\/wp-json\/wp\/v2\/posts\/232490","targetHints":{"allow":["GET"]}}],"collection":[{"href":"https:\/\/rnoticias.com.mx\/Portal\/wp-json\/wp\/v2\/posts"}],"about":[{"href":"https:\/\/rnoticias.com.mx\/Portal\/wp-json\/wp\/v2\/types\/post"}],"author":[{"embeddable":true,"href":"https:\/\/rnoticias.com.mx\/Portal\/wp-json\/wp\/v2\/users\/2"}],"replies":[{"embeddable":true,"href":"https:\/\/rnoticias.com.mx\/Portal\/wp-json\/wp\/v2\/comments?post=232490"}],"version-history":[{"count":1,"href":"https:\/\/rnoticias.com.mx\/Portal\/wp-json\/wp\/v2\/posts\/232490\/revisions"}],"predecessor-version":[{"id":232492,"href":"https:\/\/rnoticias.com.mx\/Portal\/wp-json\/wp\/v2\/posts\/232490\/revisions\/232492"}],"wp:featuredmedia":[{"embeddable":true,"href":"https:\/\/rnoticias.com.mx\/Portal\/wp-json\/wp\/v2\/media\/232491"}],"wp:attachment":[{"href":"https:\/\/rnoticias.com.mx\/Portal\/wp-json\/wp\/v2\/media?parent=232490"}],"wp:term":[{"taxonomy":"category","embeddable":true,"href":"https:\/\/rnoticias.com.mx\/Portal\/wp-json\/wp\/v2\/categories?post=232490"},{"taxonomy":"post_tag","embeddable":true,"href":"https:\/\/rnoticias.com.mx\/Portal\/wp-json\/wp\/v2\/tags?post=232490"}],"curies":[{"name":"wp","href":"https:\/\/api.w.org\/{rel}","templated":true}]}}