{"id":232481,"date":"2025-10-15T16:14:39","date_gmt":"2025-10-15T23:14:39","guid":{"rendered":"https:\/\/rnoticias.com.mx\/Portal\/?p=232481"},"modified":"2025-10-15T16:14:39","modified_gmt":"2025-10-15T23:14:39","slug":"reconoce-steve-wozniak-cofundador-de-apple-transformacion-de-hermosillo-hacia-una-ciudad-solar","status":"publish","type":"post","link":"https:\/\/rnoticias.com.mx\/Portal\/2025\/10\/15\/reconoce-steve-wozniak-cofundador-de-apple-transformacion-de-hermosillo-hacia-una-ciudad-solar\/","title":{"rendered":"Reconoce Steve Wozniak cofundador de Apple transformaci\u00f3n de Hermosillo hacia una Ciudad Solar"},"content":{"rendered":"<p>Hermosillo, Sonora; 15 de octubre de 2025.- \u201cTe admiro mucho y admiro que Hermosillo, la Ciudad Solar, est\u00e9 tomando pasos para tener menos contaminaci\u00f3n de los carros\u201d, expres\u00f3 Steve Wozniak, cofundador de Apple, al presidente municipal Antonio Astiazar\u00e1n Guti\u00e9rrez, durante su charla magistral en el Foro Mundial de Energ\u00eda Solar.<\/p>\n<p>Wozniak respondi\u00f3 a la pregunta que le hizo To\u00f1o Astiazar\u00e1n sobre cu\u00e1les son sus ideas o sugerencias para mejorar la vida en los espacios p\u00fablicos, especialmente en las ciudades, utilizando la tecnolog\u00eda moderna, como la inteligencia artificial y la innovaci\u00f3n.<\/p>\n<p>Durante el conservatorio donde el presidente To\u00f1o Astiazar\u00e1n hizo algunas preguntas que hicieron llegar, previamente, j\u00f3venes estudiantes y ciudadanos representantes de diversos \u00e1mbitos, Wozniak coment\u00f3 que esta es la edici\u00f3n del foro de Smart Cities, por lo cual, quiso conocer su visi\u00f3n sobre c\u00f3mo la tecnolog\u00eda puede mejorar la vida de las personas y ayudar a que las comunidades crezcan de manera sostenible en los servicios p\u00fablicos.<\/p>\n<p>\u201cS\u00f3lo quiero tener una visi\u00f3n clara, y tambi\u00e9n puede ser muy eficiente en t\u00e9rminos de dinero, pero en general la cantidad de dinero, el producto interno global o como se llame, el producto nacional, producto nacional bruto, puede aumentar cuando se encuentran formas m\u00e1s baratas y eficientes de hacer las cosas\u201d, coment\u00f3.<\/p>\n<p>Dijo que siempre se ha enfocado en la eficiencia en sus dise\u00f1os, usar la menor cantidad posible de piezas para lograr el mayor resultado, debido a que, en ingenier\u00eda, la eficiencia es lo n\u00famero uno.<\/p>\n<p>\u201cMuchas veces la energ\u00eda solar y los veh\u00edculos el\u00e9ctricos son parte de esa soluci\u00f3n, pero si ahorras dinero, en realidad no lo haces. Ahorra dinero, pero s\u00f3lo vas a comprar otra cosa con \u00e9l, y eso tambi\u00e9n ser\u00e1 fabricado. Hasta que logremos que todo se fabrique con electricidad de manera muy limpia, ser\u00e1 dif\u00edcil reducir la cantidad de energ\u00eda que usamos\u201d, explic\u00f3.<\/p>\n<p>Enfatiz\u00f3 que la tecnolog\u00eda siempre debe estar al servicio de las personas, debe hacer la vida m\u00e1s f\u00e1cil, m\u00e1s conectada y eficiente.<\/p>\n<p>\u201cLa cantidad de dinero o el producto nacional que generemos no significa mucho si no lo usamos con sabidur\u00eda. Lo que realmente importa es c\u00f3mo utilizamos nuestros recursos para mejorar la vida, por ejemplo, mediante energ\u00eda limpia, mejor dise\u00f1o y sistemas m\u00e1s inteligentes\u201d, manifest\u00f3.<\/p>\n<p>En la interesante conversaci\u00f3n, ante m\u00e1s de mil 500 asistentes, entre empresarios, funcionarios, estudiantes de diferentes niveles educativos y ciudadan\u00eda en general, el creador de la primera computadora personal comparti\u00f3 varias an\u00e9cdotas desde su ni\u00f1ez, cuando supo en lo que quer\u00eda desarrollarse en la vida.<\/p>\n<p>El Cuarto Foro Mundial de Energ\u00eda se realiza los d\u00edas 15 y 16 de octubre, en la cual se puede consultar la agenda en el link: https:\/\/app.glueup.com\/event\/foro-mundial-de-energ%c3%ada-solar-2025-141628\/<\/p>\n","protected":false},"excerpt":{"rendered":"<p>Hermosillo, Sonora; 15 de octubre de 2025.- \u201cTe admiro mucho y admiro que Hermosillo, la Ciudad Solar, est\u00e9 tomando pasos para tener menos contaminaci\u00f3n de los carros\u201d, expres\u00f3 Steve Wozniak, cofundador de Apple, al presidente municipal Antonio Astiazar\u00e1n Guti\u00e9rrez, durante su charla magistral en el Foro Mundial de Energ\u00eda Solar. Wozniak respondi\u00f3 a la pregunta [&hellip;]<\/p>\n","protected":false},"author":2,"featured_media":232482,"comment_status":"closed","ping_status":"closed","sticky":false,"template":"","format":"standard","meta":{"footnotes":""},"categories":[12870,178],"tags":[12865,12869],"class_list":["post-232481","post","type-post","status-publish","format-standard","has-post-thumbnail","hentry","category-destacadas","category-local","tag-destacadas","tag-local"],"jetpack_featured_media_url":"https:\/\/rnoticias.com.mx\/Portal\/wp-content\/uploads\/2025\/10\/cd602324-bdd2-4844-bcf4-822daa424b38.jpeg","amp_enabled":true,"_links":{"self":[{"href":"https:\/\/rnoticias.com.mx\/Portal\/wp-json\/wp\/v2\/posts\/232481","targetHints":{"allow":["GET"]}}],"collection":[{"href":"https:\/\/rnoticias.com.mx\/Portal\/wp-json\/wp\/v2\/posts"}],"about":[{"href":"https:\/\/rnoticias.com.mx\/Portal\/wp-json\/wp\/v2\/types\/post"}],"author":[{"embeddable":true,"href":"https:\/\/rnoticias.com.mx\/Portal\/wp-json\/wp\/v2\/users\/2"}],"replies":[{"embeddable":true,"href":"https:\/\/rnoticias.com.mx\/Portal\/wp-json\/wp\/v2\/comments?post=232481"}],"version-history":[{"count":1,"href":"https:\/\/rnoticias.com.mx\/Portal\/wp-json\/wp\/v2\/posts\/232481\/revisions"}],"predecessor-version":[{"id":232483,"href":"https:\/\/rnoticias.com.mx\/Portal\/wp-json\/wp\/v2\/posts\/232481\/revisions\/232483"}],"wp:featuredmedia":[{"embeddable":true,"href":"https:\/\/rnoticias.com.mx\/Portal\/wp-json\/wp\/v2\/media\/232482"}],"wp:attachment":[{"href":"https:\/\/rnoticias.com.mx\/Portal\/wp-json\/wp\/v2\/media?parent=232481"}],"wp:term":[{"taxonomy":"category","embeddable":true,"href":"https:\/\/rnoticias.com.mx\/Portal\/wp-json\/wp\/v2\/categories?post=232481"},{"taxonomy":"post_tag","embeddable":true,"href":"https:\/\/rnoticias.com.mx\/Portal\/wp-json\/wp\/v2\/tags?post=232481"}],"curies":[{"name":"wp","href":"https:\/\/api.w.org\/{rel}","templated":true}]}}