{"id":232478,"date":"2025-10-15T16:13:52","date_gmt":"2025-10-15T23:13:52","guid":{"rendered":"https:\/\/rnoticias.com.mx\/Portal\/?p=232478"},"modified":"2025-10-15T16:13:52","modified_gmt":"2025-10-15T23:13:52","slug":"con-mas-de-mil-500-personas-inicia-el-cuarto-foro-mundial-de-energia-solar","status":"publish","type":"post","link":"https:\/\/rnoticias.com.mx\/Portal\/2025\/10\/15\/con-mas-de-mil-500-personas-inicia-el-cuarto-foro-mundial-de-energia-solar\/","title":{"rendered":"Con m\u00e1s de mil 500 personas inicia el Cuarto Foro Mundial de Energ\u00eda Solar"},"content":{"rendered":"<p>Hermosillo, Sonora; 15 de octubre, 2025.- \u201cEste foro representa mucho m\u00e1s que un evento t\u00e9cnico, es un espacio en donde el conocimiento, la innovaci\u00f3n y la visi\u00f3n de futuro convergen para acelerar la transici\u00f3n hacia un modelo energ\u00e9tico m\u00e1s justo, inteligente y sostenible\u201d, afirm\u00f3 Carla Neudert C\u00f3rdova, directora de la Agencia Municipal de Energ\u00eda y Cambio Clim\u00e1tico (AMECC) del Ayuntamiento de Hermosillo.<\/p>\n<p>Con la representaci\u00f3n del presidente municipal Antonio Astiazar\u00e1n Guti\u00e9rrez y acompa\u00f1ada de Jos\u00e9 Eduardo Robledo, presidente del Cl\u00faster de Energ\u00eda Sonora, inaugur\u00f3 los trabajos del evento en el que las y los asistentes comparten la visi\u00f3n de que el sol no s\u00f3lo ilumina las calles, sino tambi\u00e9n las oportunidades de transformaci\u00f3n.<\/p>\n<p>Ante gran parte de los conferencistas invitados, representantes de instituciones educativas, estudiantes, docentes, investigadores, empresarios y los conferencistas invitados provenientes de 18 pa\u00edses, la directora de la AMECC consider\u00f3 el evento como una gran oportunidad de escuchar a las voces que est\u00e1n transformando el panorama mundial.<\/p>\n<p>Por su parte, el presidente del Cl\u00faster de Energ\u00eda Sonora se refiri\u00f3 a este foro como un reflejo del compromiso del estado con la innovaci\u00f3n, la sostenibilidad, as\u00ed como el \u00e1nimo de colaboraci\u00f3n entre los sectores p\u00fablico, privado, acad\u00e9mico y social.<\/p>\n<p>Destac\u00f3 que la Agencia de Energ\u00eda y Cambio Clim\u00e1tico, creada a partir de la administraci\u00f3n del presidente municipal Antonio Astiazar\u00e1n Guti\u00e9rrez, es una instituci\u00f3n pionera en M\u00e9xico que ha sido clave para promover proyectos de energ\u00eda limpia y eficiencia energ\u00e9tica en Hermosillo.<\/p>\n<p>El programa del Foro Mundial de Energ\u00eda Solar continuar\u00e1 durante el jueves 16 de octubre y se puede consultar a trav\u00e9s del v\u00ednculo https:\/\/app.glueup.com\/event\/foro-mundial-de-energ%c3%ada-solar-2025-141628\/<\/p>\n","protected":false},"excerpt":{"rendered":"<p>Hermosillo, Sonora; 15 de octubre, 2025.- \u201cEste foro representa mucho m\u00e1s que un evento t\u00e9cnico, es un espacio en donde el conocimiento, la innovaci\u00f3n y la visi\u00f3n de futuro convergen para acelerar la transici\u00f3n hacia un modelo energ\u00e9tico m\u00e1s justo, inteligente y sostenible\u201d, afirm\u00f3 Carla Neudert C\u00f3rdova, directora de la Agencia Municipal de Energ\u00eda y [&hellip;]<\/p>\n","protected":false},"author":2,"featured_media":232479,"comment_status":"closed","ping_status":"closed","sticky":false,"template":"","format":"standard","meta":{"footnotes":""},"categories":[12870,178],"tags":[12865,12869],"class_list":["post-232478","post","type-post","status-publish","format-standard","has-post-thumbnail","hentry","category-destacadas","category-local","tag-destacadas","tag-local"],"jetpack_featured_media_url":"https:\/\/rnoticias.com.mx\/Portal\/wp-content\/uploads\/2025\/10\/481cd060-b561-4219-9e44-bbcac0953665.jpeg","amp_enabled":true,"_links":{"self":[{"href":"https:\/\/rnoticias.com.mx\/Portal\/wp-json\/wp\/v2\/posts\/232478","targetHints":{"allow":["GET"]}}],"collection":[{"href":"https:\/\/rnoticias.com.mx\/Portal\/wp-json\/wp\/v2\/posts"}],"about":[{"href":"https:\/\/rnoticias.com.mx\/Portal\/wp-json\/wp\/v2\/types\/post"}],"author":[{"embeddable":true,"href":"https:\/\/rnoticias.com.mx\/Portal\/wp-json\/wp\/v2\/users\/2"}],"replies":[{"embeddable":true,"href":"https:\/\/rnoticias.com.mx\/Portal\/wp-json\/wp\/v2\/comments?post=232478"}],"version-history":[{"count":1,"href":"https:\/\/rnoticias.com.mx\/Portal\/wp-json\/wp\/v2\/posts\/232478\/revisions"}],"predecessor-version":[{"id":232480,"href":"https:\/\/rnoticias.com.mx\/Portal\/wp-json\/wp\/v2\/posts\/232478\/revisions\/232480"}],"wp:featuredmedia":[{"embeddable":true,"href":"https:\/\/rnoticias.com.mx\/Portal\/wp-json\/wp\/v2\/media\/232479"}],"wp:attachment":[{"href":"https:\/\/rnoticias.com.mx\/Portal\/wp-json\/wp\/v2\/media?parent=232478"}],"wp:term":[{"taxonomy":"category","embeddable":true,"href":"https:\/\/rnoticias.com.mx\/Portal\/wp-json\/wp\/v2\/categories?post=232478"},{"taxonomy":"post_tag","embeddable":true,"href":"https:\/\/rnoticias.com.mx\/Portal\/wp-json\/wp\/v2\/tags?post=232478"}],"curies":[{"name":"wp","href":"https:\/\/api.w.org\/{rel}","templated":true}]}}