{"id":232439,"date":"2025-10-15T11:30:50","date_gmt":"2025-10-15T18:30:50","guid":{"rendered":"https:\/\/rnoticias.com.mx\/Portal\/?p=232439"},"modified":"2025-10-15T11:30:50","modified_gmt":"2025-10-15T18:30:50","slug":"alumna-de-cecyte-conquista-subcampeonato-internacional-de-box-en-espana-gobierno-de-sonora","status":"publish","type":"post","link":"https:\/\/rnoticias.com.mx\/Portal\/2025\/10\/15\/alumna-de-cecyte-conquista-subcampeonato-internacional-de-box-en-espana-gobierno-de-sonora\/","title":{"rendered":"Alumna de Cecyte conquista subcampeonato internacional de box en Espa\u00f1a: Gobierno de Sonora"},"content":{"rendered":"<p>Hermosillo, Sonora; 15 de octubre de 2025.- Gabriela Hern\u00e1ndez Araujo, alumna del Colegio de Estudios Cient\u00edficos y Tecnol\u00f3gicos del Estado de Sonora (Cecyte), plantel Esperanza, represent\u00f3 con orgullo a Sonora y a M\u00e9xico en el Torneo Boxam Internacional, realizado en Espa\u00f1a del 6 al 12 de octubre.<\/p>\n<p>Este torneo es reconocido como uno de los m\u00e1s prestigiosos de Europa y re\u00fane a los mejores exponentes del boxeo. En esta competencia de alto nivel, Gabriela tuvo una actuaci\u00f3n sobresaliente, logrando conquistar la medalla de plata y colocando en alto el nombre de Sonora, M\u00e9xico y de Cecyte.<\/p>\n<p>La directora general de Cecyte, Blanca Aurelia Valenzuela, destac\u00f3 el esfuerzo y la dedicaci\u00f3n de la joven deportista, resaltando que su logro es un ejemplo del compromiso, la perseverancia y el talento que caracteriza a las y los estudiantes del subsistema.<\/p>\n<p>Por su parte, Gabriela expres\u00f3: \u201cNo fue el resultado que esperaba, pero fue una derrota con sabor a victoria, llena de aprendizajes y motivaci\u00f3n para seguir mejorando.\u201d La estudiante continuar\u00e1 prepar\u00e1ndose para futuros encuentros, con la misma determinaci\u00f3n y pasi\u00f3n por el boxeo que la han caracterizado.<\/p>\n<p>Cecyte reafirma el compromiso del Gobierno de Sonora con la educaci\u00f3n y el deporte, impulsando as\u00ed el talento y abriendo nuevas oportunidades para el desarrollo de la juventud sonorense.<\/p>\n","protected":false},"excerpt":{"rendered":"<p>Hermosillo, Sonora; 15 de octubre de 2025.- Gabriela Hern\u00e1ndez Araujo, alumna del Colegio de Estudios Cient\u00edficos y Tecnol\u00f3gicos del Estado de Sonora (Cecyte), plantel Esperanza, represent\u00f3 con orgullo a Sonora y a M\u00e9xico en el Torneo Boxam Internacional, realizado en Espa\u00f1a del 6 al 12 de octubre. Este torneo es reconocido como uno de los [&hellip;]<\/p>\n","protected":false},"author":2,"featured_media":232440,"comment_status":"closed","ping_status":"closed","sticky":false,"template":"","format":"standard","meta":{"footnotes":""},"categories":[188,12870],"tags":[5231,12865],"class_list":["post-232439","post","type-post","status-publish","format-standard","has-post-thumbnail","hentry","category-deportes","category-destacadas","tag-deportes","tag-destacadas"],"jetpack_featured_media_url":"https:\/\/rnoticias.com.mx\/Portal\/wp-content\/uploads\/2025\/10\/unnamed-1-15.jpg","amp_enabled":true,"_links":{"self":[{"href":"https:\/\/rnoticias.com.mx\/Portal\/wp-json\/wp\/v2\/posts\/232439","targetHints":{"allow":["GET"]}}],"collection":[{"href":"https:\/\/rnoticias.com.mx\/Portal\/wp-json\/wp\/v2\/posts"}],"about":[{"href":"https:\/\/rnoticias.com.mx\/Portal\/wp-json\/wp\/v2\/types\/post"}],"author":[{"embeddable":true,"href":"https:\/\/rnoticias.com.mx\/Portal\/wp-json\/wp\/v2\/users\/2"}],"replies":[{"embeddable":true,"href":"https:\/\/rnoticias.com.mx\/Portal\/wp-json\/wp\/v2\/comments?post=232439"}],"version-history":[{"count":1,"href":"https:\/\/rnoticias.com.mx\/Portal\/wp-json\/wp\/v2\/posts\/232439\/revisions"}],"predecessor-version":[{"id":232441,"href":"https:\/\/rnoticias.com.mx\/Portal\/wp-json\/wp\/v2\/posts\/232439\/revisions\/232441"}],"wp:featuredmedia":[{"embeddable":true,"href":"https:\/\/rnoticias.com.mx\/Portal\/wp-json\/wp\/v2\/media\/232440"}],"wp:attachment":[{"href":"https:\/\/rnoticias.com.mx\/Portal\/wp-json\/wp\/v2\/media?parent=232439"}],"wp:term":[{"taxonomy":"category","embeddable":true,"href":"https:\/\/rnoticias.com.mx\/Portal\/wp-json\/wp\/v2\/categories?post=232439"},{"taxonomy":"post_tag","embeddable":true,"href":"https:\/\/rnoticias.com.mx\/Portal\/wp-json\/wp\/v2\/tags?post=232439"}],"curies":[{"name":"wp","href":"https:\/\/api.w.org\/{rel}","templated":true}]}}