{"id":232436,"date":"2025-10-15T11:26:55","date_gmt":"2025-10-15T18:26:55","guid":{"rendered":"https:\/\/rnoticias.com.mx\/Portal\/?p=232436"},"modified":"2025-10-15T11:26:55","modified_gmt":"2025-10-15T18:26:55","slug":"dubier-paredes-obtiene-pase-individual-hacia-el-campeonato-mundial-de-boccia","status":"publish","type":"post","link":"https:\/\/rnoticias.com.mx\/Portal\/2025\/10\/15\/dubier-paredes-obtiene-pase-individual-hacia-el-campeonato-mundial-de-boccia\/","title":{"rendered":"Dubier Paredes obtiene pase individual hacia el Campeonato Mundial de Boccia"},"content":{"rendered":"<p>Hermosillo, Sonora, 15 de octubre del 2025.- El paratleta sonorense Dubier Paredes se coron\u00f3 campe\u00f3n en la modalidad Individual de la categor\u00eda BC2 en el World Boccia Americas Regional Championship, que tuvo lugar en Cali, Colombia, por lo tanto, esa medalla de oro le entreg\u00f3 el pase directo al Campeonato Mundial a realizarse el a\u00f1o entrante en Se\u00fal, Corea del Sur.<\/p>\n<p>En total, la selecci\u00f3n nacional logr\u00f3 cuatro preseas (un oro, dos platas y un bronce) y el mismo n\u00famero de plazas hacia la cita mundialista, tomando en cuenta que la de Paredes Moroyoqui es la \u00fanica nominal, pues las otras tres habr\u00e1n de definirse por medio de criterios nacionales.<\/p>\n<p>La actuaci\u00f3n de Paredes Moroyoqui result\u00f3 memorable pues derrot\u00f3 al primer lugar del ranking mundial, el brasile\u00f1o Maciel Santos -medallista de Juegos Paral\u00edmpicos y tres veces campe\u00f3n panamericano-, en la fase de semifinales, para propinarle su primera derrota de por vida en un evento continental.<\/p>\n<p>Posteriormente el sonorense venci\u00f3 en la disputa del oro al salvadore\u00f1o Mario Ernesto Sayes para llevarse la presea del m\u00e1ximo color y acceder al que ser\u00e1 su segundo Campeonato Mundial; su debut lo tuvo en la pasada edici\u00f3n celebrada el 2022 en R\u00edo de Janeiro, Brasil, ah\u00ed termin\u00f3 en la octava posici\u00f3n.<\/p>\n<p>Adem\u00e1s de ganar el oro de manera individual, Dubier Antonio tambi\u00e9n form\u00f3 parte de la terna que obtuvo plata en Equipos BC1-BC2, al lado de Karina Mart\u00ednez y Eduardo S\u00e1nchez, con lo cual M\u00e9xico asegur\u00f3 el boleto en dicha modalidad y categor\u00eda. En el torneo actuaron diez naciones: M\u00e9xico, Colombia, Estados Unidos, Brasil, Chile, Per\u00fa, Canad\u00e1, El Salvador, Bermudas y Puerto Rico.<\/p>\n<p>Asimismo, en el plano individual, la bajacaliforniana Mart\u00ednez consigui\u00f3 plata en BC2 y el jalisciense S\u00e1nchez logr\u00f3 bronce en BC1; de tal manera, esos dos lugares tambi\u00e9n los amarr\u00f3 M\u00e9xico para el Mundial, aunque, igualmente, deber\u00e1n determinarse pr\u00f3ximamente, ya que solamente las medallas de oro entregaron cuotas nominales.<\/p>\n<p>En la selecci\u00f3n \u201cTricolor\u201d que particip\u00f3 en el World Boccia Americas Regional Championship, compitieron dos sonorenses, el otro fue Addiel Ocampo, quien termin\u00f3 en el octavo sitio de la modalidad Individual BC4. Cabe destacar que el entrenador de Sonora, Carlos Antulio Gonz\u00e1lez, form\u00f3 parte del cuerpo t\u00e9cnico mexicano.<\/p>\n","protected":false},"excerpt":{"rendered":"<p>Hermosillo, Sonora, 15 de octubre del 2025.- El paratleta sonorense Dubier Paredes se coron\u00f3 campe\u00f3n en la modalidad Individual de la categor\u00eda BC2 en el World Boccia Americas Regional Championship, que tuvo lugar en Cali, Colombia, por lo tanto, esa medalla de oro le entreg\u00f3 el pase directo al Campeonato Mundial a realizarse el a\u00f1o [&hellip;]<\/p>\n","protected":false},"author":2,"featured_media":232437,"comment_status":"closed","ping_status":"closed","sticky":false,"template":"","format":"standard","meta":{"footnotes":""},"categories":[188,12870],"tags":[5231,12865],"class_list":["post-232436","post","type-post","status-publish","format-standard","has-post-thumbnail","hentry","category-deportes","category-destacadas","tag-deportes","tag-destacadas"],"jetpack_featured_media_url":"https:\/\/rnoticias.com.mx\/Portal\/wp-content\/uploads\/2025\/10\/unnamed-39.jpg","amp_enabled":true,"_links":{"self":[{"href":"https:\/\/rnoticias.com.mx\/Portal\/wp-json\/wp\/v2\/posts\/232436","targetHints":{"allow":["GET"]}}],"collection":[{"href":"https:\/\/rnoticias.com.mx\/Portal\/wp-json\/wp\/v2\/posts"}],"about":[{"href":"https:\/\/rnoticias.com.mx\/Portal\/wp-json\/wp\/v2\/types\/post"}],"author":[{"embeddable":true,"href":"https:\/\/rnoticias.com.mx\/Portal\/wp-json\/wp\/v2\/users\/2"}],"replies":[{"embeddable":true,"href":"https:\/\/rnoticias.com.mx\/Portal\/wp-json\/wp\/v2\/comments?post=232436"}],"version-history":[{"count":1,"href":"https:\/\/rnoticias.com.mx\/Portal\/wp-json\/wp\/v2\/posts\/232436\/revisions"}],"predecessor-version":[{"id":232438,"href":"https:\/\/rnoticias.com.mx\/Portal\/wp-json\/wp\/v2\/posts\/232436\/revisions\/232438"}],"wp:featuredmedia":[{"embeddable":true,"href":"https:\/\/rnoticias.com.mx\/Portal\/wp-json\/wp\/v2\/media\/232437"}],"wp:attachment":[{"href":"https:\/\/rnoticias.com.mx\/Portal\/wp-json\/wp\/v2\/media?parent=232436"}],"wp:term":[{"taxonomy":"category","embeddable":true,"href":"https:\/\/rnoticias.com.mx\/Portal\/wp-json\/wp\/v2\/categories?post=232436"},{"taxonomy":"post_tag","embeddable":true,"href":"https:\/\/rnoticias.com.mx\/Portal\/wp-json\/wp\/v2\/tags?post=232436"}],"curies":[{"name":"wp","href":"https:\/\/api.w.org\/{rel}","templated":true}]}}