{"id":232406,"date":"2025-10-14T20:19:49","date_gmt":"2025-10-15T03:19:49","guid":{"rendered":"https:\/\/rnoticias.com.mx\/Portal\/?p=232406"},"modified":"2025-10-14T20:19:49","modified_gmt":"2025-10-15T03:19:49","slug":"mtv-apagara-definitivamente-su-senal-tras-44-anos-de-historia","status":"publish","type":"post","link":"https:\/\/rnoticias.com.mx\/Portal\/2025\/10\/14\/mtv-apagara-definitivamente-su-senal-tras-44-anos-de-historia\/","title":{"rendered":"MTV apagar\u00e1 definitivamente su se\u00f1al tras 44 a\u00f1os de historia"},"content":{"rendered":"<p><span style=\"font-size: medium;\"><strong>Este martes, se dio a conocer que despu\u00e9s de m\u00e1s de cuatro d\u00e9cadas, MTV,\u00a0\u00a0l<\/strong>a cadena, que revolucion\u00f3 la forma en que el mundo ve\u00eda y consum\u00eda m\u00fasica, llega a su final.\u00a0<strong>El canal, que alguna vez present\u00f3 a\u00a0artistas como Madonna, Nirvana o Britney Spears, dejar\u00e1 de emitir los canales dedicados exclusivamente a la m\u00fasica.<\/strong><\/span><\/p>\n<p><strong>Las se\u00f1ales MTV Music, MTV 80s, MTV 90s, Club MTV y MTV Live dejar\u00e1n de transmitir definitivamente<\/strong>. Con ello, se cierra un cap\u00edtulo clave en la historia de la televisi\u00f3n, uno que transform\u00f3 a una generaci\u00f3n entera en espectadores de una nueva era musical.<\/p>\n<p>El fin de MTV tiene una raz\u00f3n tan clara como inevitable: los h\u00e1bitos del p\u00fablico cambiaron.\u00a0<strong>Con la llegada del\u00a0streaming\u00a0y las plataformas digitales, la m\u00fasica dej\u00f3 de depender de la televisi\u00f3n. Hoy, los artistas se descubren en\u00a0YouTube,\u00a0TikTok o\u00a0Spotify,\u00a0no en la programaci\u00f3n televisiva.<\/strong><\/p>\n<p>La empresa matriz,<strong>\u00a0Paramount Global, explic\u00f3 que esta decisi\u00f3n forma parte de una \u201creestructuraci\u00f3n estrat\u00e9gica\u201d que busca adaptarse a los tiempos actuales y concentrar esfuerzos en contenidos que generen m\u00e1s audiencia, como los reality shows y programas de entretenimiento.<\/strong><\/p>\n<p><strong>El pr\u00f3ximo el 31 de diciembre de 2025 ser\u00e1 la fecha en que las se\u00f1ales musicales de MTV apaguen su transmisi\u00f3n. El cierre comenzar\u00e1 en Reino Unido e Irlanda, para despu\u00e9s extenderse a Francia, Alemania, Austria, Polonia, Hungr\u00eda, Australia y Brasil.<\/strong><\/p>\n<p>Aunque el canal principal de MTV continuar\u00e1 operando -ahora centrado en realities y programas de entretenimiento-, el final de sus se\u00f1ales musicales representa el adi\u00f3s definitivo a la etapa que defini\u00f3 el esp\u00edritu juvenil de los a\u00f1os ochenta y noventa.<\/p>\n<p>Fuente:EJE<\/p>\n","protected":false},"excerpt":{"rendered":"<p>Este martes, se dio a conocer que despu\u00e9s de m\u00e1s de cuatro d\u00e9cadas, MTV,\u00a0\u00a0la cadena, que revolucion\u00f3 la forma en que el mundo ve\u00eda y consum\u00eda m\u00fasica, llega a su final.\u00a0El canal, que alguna vez present\u00f3 a\u00a0artistas como Madonna, Nirvana o Britney Spears, dejar\u00e1 de emitir los canales dedicados exclusivamente a la m\u00fasica. Las se\u00f1ales [&hellip;]<\/p>\n","protected":false},"author":2,"featured_media":232407,"comment_status":"closed","ping_status":"closed","sticky":false,"template":"","format":"standard","meta":{"footnotes":""},"categories":[12870,219],"tags":[12865,12875],"class_list":["post-232406","post","type-post","status-publish","format-standard","has-post-thumbnail","hentry","category-destacadas","category-espectaculos","tag-destacadas","tag-espectaculos"],"jetpack_featured_media_url":"https:\/\/rnoticias.com.mx\/Portal\/wp-content\/uploads\/2025\/10\/mtv.webp","amp_enabled":true,"_links":{"self":[{"href":"https:\/\/rnoticias.com.mx\/Portal\/wp-json\/wp\/v2\/posts\/232406","targetHints":{"allow":["GET"]}}],"collection":[{"href":"https:\/\/rnoticias.com.mx\/Portal\/wp-json\/wp\/v2\/posts"}],"about":[{"href":"https:\/\/rnoticias.com.mx\/Portal\/wp-json\/wp\/v2\/types\/post"}],"author":[{"embeddable":true,"href":"https:\/\/rnoticias.com.mx\/Portal\/wp-json\/wp\/v2\/users\/2"}],"replies":[{"embeddable":true,"href":"https:\/\/rnoticias.com.mx\/Portal\/wp-json\/wp\/v2\/comments?post=232406"}],"version-history":[{"count":1,"href":"https:\/\/rnoticias.com.mx\/Portal\/wp-json\/wp\/v2\/posts\/232406\/revisions"}],"predecessor-version":[{"id":232408,"href":"https:\/\/rnoticias.com.mx\/Portal\/wp-json\/wp\/v2\/posts\/232406\/revisions\/232408"}],"wp:featuredmedia":[{"embeddable":true,"href":"https:\/\/rnoticias.com.mx\/Portal\/wp-json\/wp\/v2\/media\/232407"}],"wp:attachment":[{"href":"https:\/\/rnoticias.com.mx\/Portal\/wp-json\/wp\/v2\/media?parent=232406"}],"wp:term":[{"taxonomy":"category","embeddable":true,"href":"https:\/\/rnoticias.com.mx\/Portal\/wp-json\/wp\/v2\/categories?post=232406"},{"taxonomy":"post_tag","embeddable":true,"href":"https:\/\/rnoticias.com.mx\/Portal\/wp-json\/wp\/v2\/tags?post=232406"}],"curies":[{"name":"wp","href":"https:\/\/api.w.org\/{rel}","templated":true}]}}