{"id":232403,"date":"2025-10-14T20:10:54","date_gmt":"2025-10-15T03:10:54","guid":{"rendered":"https:\/\/rnoticias.com.mx\/Portal\/?p=232403"},"modified":"2025-10-14T20:10:54","modified_gmt":"2025-10-15T03:10:54","slug":"belinda-recibe-criticas-tras-su-encuentro-con-abelito","status":"publish","type":"post","link":"https:\/\/rnoticias.com.mx\/Portal\/2025\/10\/14\/belinda-recibe-criticas-tras-su-encuentro-con-abelito\/","title":{"rendered":"Belinda recibe cr\u00edticas tras su encuentro con Abelito"},"content":{"rendered":"<p>En\u00a0<strong>redes sociales<\/strong>, se volvi\u00f3 vira el momento en el que\u00a0<strong>Belinda<\/strong>\u00a0tuvo un encuentro con\u00a0<strong>Abelito<\/strong>, el creador de contenido y tercer finalista de\u00a0<strong>La Casa de los Famosos M\u00e9xico 2025<\/strong>; sin embargo, esto provoc\u00f3 opiniones divididas entre los usuarios, pues muchos criticaron el gesto de la cantante y actriz.<\/p>\n<p>Esto sucedi\u00f3 este fin de semana en camerinos, justo despu\u00e9s de una funci\u00f3n de la puesta en escena \u2018<strong>Mentiras, All Stars<\/strong>\u2019, a la que Belinda se integr\u00f3 recientemente.\u00a0Al saludar a Abelito, se agach\u00f3 para darle la bienvenida, y luego decidi\u00f3 cargarlo mientras ambos posaban para una fotograf\u00eda.\u00a0Abelito luci\u00f3 un gesto desconcertado, pero a la vez de visible emoci\u00f3n ante el saludo de Belinda.<\/p>\n<p>M\u00e1s tarde, el propio Abelito comparti\u00f3 el instante por medio de su cuenta de\u00a0<strong>TikTok<\/strong>\u00a0acumulando m\u00e1s de seis millones de reproducciones, casi 800 mil me gusta y miles de comentarios.\u00a0Hubo\u00a0<strong>internautas<\/strong>\u00a0que criticaron a Belinda, mientras que otros le aplaudieron su forma de ser.<\/p>\n<p>&#8220;G\u00fcey, poder decir que Belinda te carg\u00f3 en sus brazos es un sue\u00f1o&#8221;, &#8220;\u00bfc\u00f3mo pudo? Jajaja, Aldo dec\u00eda que Abelito pesa mucho&#8221;, &#8220;Me cae bien Belinda. El detalle es que se agarra de la gente que apenas est\u00e1 brillando, y ah\u00ed van, ah\u00ed van\u2026 Se quieren dar a notar&#8221;, &#8220;\u00d3sea, pero \u00bfpor qu\u00e9 cargarlo?&#8221;, son algunos de los\u00a0<strong>comentarios<\/strong>\u00a0que se leen en redes.<\/p>\n<p>&nbsp;<\/p>\n<p>Fuente: Milenio<\/p>\n","protected":false},"excerpt":{"rendered":"<p>En\u00a0redes sociales, se volvi\u00f3 vira el momento en el que\u00a0Belinda\u00a0tuvo un encuentro con\u00a0Abelito, el creador de contenido y tercer finalista de\u00a0La Casa de los Famosos M\u00e9xico 2025; sin embargo, esto provoc\u00f3 opiniones divididas entre los usuarios, pues muchos criticaron el gesto de la cantante y actriz. Esto sucedi\u00f3 este fin de semana en camerinos, justo [&hellip;]<\/p>\n","protected":false},"author":2,"featured_media":232404,"comment_status":"closed","ping_status":"closed","sticky":false,"template":"","format":"standard","meta":{"footnotes":""},"categories":[12870,219],"tags":[12865,12875],"class_list":["post-232403","post","type-post","status-publish","format-standard","has-post-thumbnail","hentry","category-destacadas","category-espectaculos","tag-destacadas","tag-espectaculos"],"jetpack_featured_media_url":"https:\/\/rnoticias.com.mx\/Portal\/wp-content\/uploads\/2025\/10\/images-3.jpeg","amp_enabled":true,"_links":{"self":[{"href":"https:\/\/rnoticias.com.mx\/Portal\/wp-json\/wp\/v2\/posts\/232403","targetHints":{"allow":["GET"]}}],"collection":[{"href":"https:\/\/rnoticias.com.mx\/Portal\/wp-json\/wp\/v2\/posts"}],"about":[{"href":"https:\/\/rnoticias.com.mx\/Portal\/wp-json\/wp\/v2\/types\/post"}],"author":[{"embeddable":true,"href":"https:\/\/rnoticias.com.mx\/Portal\/wp-json\/wp\/v2\/users\/2"}],"replies":[{"embeddable":true,"href":"https:\/\/rnoticias.com.mx\/Portal\/wp-json\/wp\/v2\/comments?post=232403"}],"version-history":[{"count":1,"href":"https:\/\/rnoticias.com.mx\/Portal\/wp-json\/wp\/v2\/posts\/232403\/revisions"}],"predecessor-version":[{"id":232405,"href":"https:\/\/rnoticias.com.mx\/Portal\/wp-json\/wp\/v2\/posts\/232403\/revisions\/232405"}],"wp:featuredmedia":[{"embeddable":true,"href":"https:\/\/rnoticias.com.mx\/Portal\/wp-json\/wp\/v2\/media\/232404"}],"wp:attachment":[{"href":"https:\/\/rnoticias.com.mx\/Portal\/wp-json\/wp\/v2\/media?parent=232403"}],"wp:term":[{"taxonomy":"category","embeddable":true,"href":"https:\/\/rnoticias.com.mx\/Portal\/wp-json\/wp\/v2\/categories?post=232403"},{"taxonomy":"post_tag","embeddable":true,"href":"https:\/\/rnoticias.com.mx\/Portal\/wp-json\/wp\/v2\/tags?post=232403"}],"curies":[{"name":"wp","href":"https:\/\/api.w.org\/{rel}","templated":true}]}}