{"id":232391,"date":"2025-10-14T19:48:15","date_gmt":"2025-10-15T02:48:15","guid":{"rendered":"https:\/\/rnoticias.com.mx\/Portal\/?p=232391"},"modified":"2025-10-14T19:48:15","modified_gmt":"2025-10-15T02:48:15","slug":"erich-uelmen-se-una-a-la-rotacion-naranjera","status":"publish","type":"post","link":"https:\/\/rnoticias.com.mx\/Portal\/2025\/10\/14\/erich-uelmen-se-una-a-la-rotacion-naranjera\/","title":{"rendered":"Erich Uelmen se una a la rotaci\u00f3n Naranjera"},"content":{"rendered":"<p><strong>NSN:\u00a0<\/strong>El norteamericano Erich Uelmen ser\u00e1 uno de los elementos extranjeros que reforzar\u00e1n a Naranjeros de Hermosillo en el departamento de pitcheo para la temporada 2025-2026 de la Liga ARCO Mexicana del Pac\u00edfico que iniciar\u00e1 el pr\u00f3ximo 15 de octubre.<\/p>\n<p>Uelmen naci\u00f3 el 19 de mayo de 1996 en Las Vegas, Nevada, luego de formar parte del equipo de CAL POLY State en el beisbol colegial fue elegido por los Cachorros de Chicago en la cuarta ronda del draft de 2017 siendo asignado de inmediato a la Clase A con el conjunto de Eugene.<\/p>\n<p>Luego de pasar cuatro temporadas en las Menores Erich Uelmen debut\u00f3 en las Grandes Ligas en la temporada 2022 con el conjunto de Chicago, ese a\u00f1o vio acci\u00f3n en 25 juegos donde tuvo marca de 2-1 y 4.67 de efectividad, trabaj\u00f3 por espacio de 27 innings ponchando a 21 rivales.<\/p>\n<p>En 2023 pas\u00f3 a la organizaci\u00f3n de los Filis de Filadelfia lanzando principalmente en clase Triple-A y en 2024 form\u00f3 parte de los Arizona Diamondbacks siendo asignado a la sucursal de Reno.<\/p>\n<p>Este 2025 jug\u00f3 en la Liga del Atl\u00e1ntico en el beisbol de Ligas Independientes con el conjunto de High Point donde logr\u00f3 marca de 6-4 en ganados y perdidos en 16 aperturas, lanz\u00f3 80 entradas y tuvo 3.83 en porcentaje de carreras limpias admitidas.<\/p>\n<p>Erich Uelmen reforzar\u00e1 el pitcheo Naranjero en la temporada 2025-2026 de la LAMP tomando el lugar en el equipo de Cory Abbott quien sufri\u00f3 una lesi\u00f3n que le impedir\u00e1 jugar este invierno.<\/p>\n<p><strong>Ficha T\u00e9cnica<\/strong><\/p>\n<p><strong>Nombre:\u00a0<\/strong>Erich Uelmen<\/p>\n<p><strong>Fecha de Nacimiento:\u00a0<\/strong>19 mayo 1996<\/p>\n<p><strong>Lugar de Nacimiento:\u00a0<\/strong>Las Vegas, NV, USA<\/p>\n<p><strong>Posici\u00f3n:\u00a0<\/strong>Pitcher<\/p>\n<p><strong>Lanza:\u00a0<\/strong>Derecho<\/p>\n<p><strong>Batea:\u00a0<\/strong>Derecho<\/p>\n<p><strong>Estatura:\u00a0<\/strong>1.90 metros<\/p>\n<p><strong>Peso:\u00a0<\/strong>95 kgs.<\/p>\n<p><strong>Equipo anterior:\u00a0<\/strong>High Point (Atlantic League)<\/p>\n<figure class=\"wp-block-embed is-type-video is-provider-youtube wp-block-embed-youtube wp-embed-aspect-16-9 wp-has-aspect-ratio\">\n<div class=\"wp-block-embed__wrapper\"><\/div>\n<\/figure>\n","protected":false},"excerpt":{"rendered":"<p>NSN:\u00a0El norteamericano Erich Uelmen ser\u00e1 uno de los elementos extranjeros que reforzar\u00e1n a Naranjeros de Hermosillo en el departamento de pitcheo para la temporada 2025-2026 de la Liga ARCO Mexicana del Pac\u00edfico que iniciar\u00e1 el pr\u00f3ximo 15 de octubre. Uelmen naci\u00f3 el 19 de mayo de 1996 en Las Vegas, Nevada, luego de formar parte [&hellip;]<\/p>\n","protected":false},"author":2,"featured_media":232392,"comment_status":"closed","ping_status":"closed","sticky":false,"template":"","format":"standard","meta":{"footnotes":""},"categories":[188,12870],"tags":[5231,12865],"class_list":["post-232391","post","type-post","status-publish","format-standard","has-post-thumbnail","hentry","category-deportes","category-destacadas","tag-deportes","tag-destacadas"],"jetpack_featured_media_url":"https:\/\/rnoticias.com.mx\/Portal\/wp-content\/uploads\/2025\/10\/Naranjeros_25-26_Extranjeros_ErichUelmen_NP-1024x635-1.jpg","amp_enabled":true,"_links":{"self":[{"href":"https:\/\/rnoticias.com.mx\/Portal\/wp-json\/wp\/v2\/posts\/232391","targetHints":{"allow":["GET"]}}],"collection":[{"href":"https:\/\/rnoticias.com.mx\/Portal\/wp-json\/wp\/v2\/posts"}],"about":[{"href":"https:\/\/rnoticias.com.mx\/Portal\/wp-json\/wp\/v2\/types\/post"}],"author":[{"embeddable":true,"href":"https:\/\/rnoticias.com.mx\/Portal\/wp-json\/wp\/v2\/users\/2"}],"replies":[{"embeddable":true,"href":"https:\/\/rnoticias.com.mx\/Portal\/wp-json\/wp\/v2\/comments?post=232391"}],"version-history":[{"count":1,"href":"https:\/\/rnoticias.com.mx\/Portal\/wp-json\/wp\/v2\/posts\/232391\/revisions"}],"predecessor-version":[{"id":232393,"href":"https:\/\/rnoticias.com.mx\/Portal\/wp-json\/wp\/v2\/posts\/232391\/revisions\/232393"}],"wp:featuredmedia":[{"embeddable":true,"href":"https:\/\/rnoticias.com.mx\/Portal\/wp-json\/wp\/v2\/media\/232392"}],"wp:attachment":[{"href":"https:\/\/rnoticias.com.mx\/Portal\/wp-json\/wp\/v2\/media?parent=232391"}],"wp:term":[{"taxonomy":"category","embeddable":true,"href":"https:\/\/rnoticias.com.mx\/Portal\/wp-json\/wp\/v2\/categories?post=232391"},{"taxonomy":"post_tag","embeddable":true,"href":"https:\/\/rnoticias.com.mx\/Portal\/wp-json\/wp\/v2\/tags?post=232391"}],"curies":[{"name":"wp","href":"https:\/\/api.w.org\/{rel}","templated":true}]}}