{"id":232389,"date":"2025-10-14T19:51:20","date_gmt":"2025-10-15T02:51:20","guid":{"rendered":"https:\/\/rnoticias.com.mx\/Portal\/?p=232389"},"modified":"2025-10-14T19:51:20","modified_gmt":"2025-10-15T02:51:20","slug":"politica-de-infraestructura-debe-garantizar-el-bienestar-social-y-regional-lorenia-valles","status":"publish","type":"post","link":"https:\/\/rnoticias.com.mx\/Portal\/2025\/10\/14\/politica-de-infraestructura-debe-garantizar-el-bienestar-social-y-regional-lorenia-valles\/","title":{"rendered":"Pol\u00edtica de infraestructura debe garantizar el bienestar social y regional: Lorenia Valles"},"content":{"rendered":"<p>Hermosillo, Sonora, a 14 de octubre de 2025<\/p>\n<p>\u201cA diferencia de la visi\u00f3n de los gobiernos neoliberales, que priorizaron los beneficios privados sobre los beneficios p\u00fablicos y sociales, en la Cuarta Transformaci\u00f3n se est\u00e1 impulsando una pol\u00edtica de infraestructura de rentabilidad social, que genere bienestar a todas las personas y en todas las regiones del pa\u00eds. De esto trata la prosperidad compartida que lidera la presidenta Claudia Sheinbaum\u201d, manifest\u00f3 la senadora Lorenia Valles.<\/p>\n<p>Lo anterior en el marco de la \u201cReuni\u00f3n Nacional de Infraestructura, Comunicaciones y Transportes 2025\u201d, en la ciudad de Hermosillo, que fue organizada por la Secretar\u00eda de Infraestructura, Comunicaciones y Transportes del Gobierno de M\u00e9xico, el Gobierno de Sonora, as\u00ed como la C\u00e1mara Mexicana de la Industria de la Construcci\u00f3n (CMIC) y su delegaci\u00f3n en Sonora; contando con la participaci\u00f3n del gobernador Alfonso Durazo y donde la legisladora sonorense form\u00f3 parte del panel \u201cLa infraestructura en la agenda legislativa. Retos y oportunidades\u201d.<\/p>\n<p>\u201cEn el Congreso de la Uni\u00f3n y, particularmente, en el Senado de la Rep\u00fablica, hemos venido aprobando las diferentes reformas constitucionales y legales que constituyen los cimientos del Plan M\u00e9xico; sea para reivindicar el valor social de las empresas p\u00fablicas como CFE, el reconocimiento del internet como un derecho del pueblo y el regreso del servicio de tren de carga y de pasajeros\u201d, aseguro.<\/p>\n<p>La senadora de la Rep\u00fablica tambi\u00e9n mencion\u00f3 la legislaci\u00f3n en materia de simplificaci\u00f3n administrativa que dio lugar a la digitalizaci\u00f3n de tramites y servicios para la creaci\u00f3n de nuevas empresas y la formalizaci\u00f3n de inversiones privadas; la reforma de telecomunicaciones y radiodifusi\u00f3n, con la que se promover\u00e1 la inclusi\u00f3n digital; as\u00ed como la reforma a la ley en materia de obra p\u00fablica, que moderniza el proceso de contrataciones p\u00fablicas.<br \/>\n\u201cCon la Cuarta Transformaci\u00f3n, la pol\u00edtica de desarrollo industrial sustentada en el Plan M\u00e9xico y, en el caso de nuestro estado, en el Plan Sonora de Energ\u00edas Sostenibles, no solo est\u00e1 recuperando la propiedad del Estado de empresas y de obras p\u00fablicas; ahora se invierten m\u00e1s recursos p\u00fablicos y privados en la construcci\u00f3n y modernizaci\u00f3n de carreteras, puertos, aeropuertos, obras h\u00eddricas e infraestructura social\u201d, concluy\u00f3 Valles Sampedro.<\/p>\n","protected":false},"excerpt":{"rendered":"<p>Hermosillo, Sonora, a 14 de octubre de 2025 \u201cA diferencia de la visi\u00f3n de los gobiernos neoliberales, que priorizaron los beneficios privados sobre los beneficios p\u00fablicos y sociales, en la Cuarta Transformaci\u00f3n se est\u00e1 impulsando una pol\u00edtica de infraestructura de rentabilidad social, que genere bienestar a todas las personas y en todas las regiones del [&hellip;]<\/p>\n","protected":false},"author":2,"featured_media":232390,"comment_status":"closed","ping_status":"closed","sticky":false,"template":"","format":"standard","meta":{"footnotes":""},"categories":[12870,12868],"tags":[12865,12879],"class_list":["post-232389","post","type-post","status-publish","format-standard","has-post-thumbnail","hentry","category-destacadas","category-politica","tag-destacadas","tag-politica"],"jetpack_featured_media_url":"https:\/\/rnoticias.com.mx\/Portal\/wp-content\/uploads\/2025\/10\/6bc6a9dd-5d20-4c93-afb3-e1f88d34ccbd.jpeg","amp_enabled":true,"_links":{"self":[{"href":"https:\/\/rnoticias.com.mx\/Portal\/wp-json\/wp\/v2\/posts\/232389","targetHints":{"allow":["GET"]}}],"collection":[{"href":"https:\/\/rnoticias.com.mx\/Portal\/wp-json\/wp\/v2\/posts"}],"about":[{"href":"https:\/\/rnoticias.com.mx\/Portal\/wp-json\/wp\/v2\/types\/post"}],"author":[{"embeddable":true,"href":"https:\/\/rnoticias.com.mx\/Portal\/wp-json\/wp\/v2\/users\/2"}],"replies":[{"embeddable":true,"href":"https:\/\/rnoticias.com.mx\/Portal\/wp-json\/wp\/v2\/comments?post=232389"}],"version-history":[{"count":1,"href":"https:\/\/rnoticias.com.mx\/Portal\/wp-json\/wp\/v2\/posts\/232389\/revisions"}],"predecessor-version":[{"id":232396,"href":"https:\/\/rnoticias.com.mx\/Portal\/wp-json\/wp\/v2\/posts\/232389\/revisions\/232396"}],"wp:featuredmedia":[{"embeddable":true,"href":"https:\/\/rnoticias.com.mx\/Portal\/wp-json\/wp\/v2\/media\/232390"}],"wp:attachment":[{"href":"https:\/\/rnoticias.com.mx\/Portal\/wp-json\/wp\/v2\/media?parent=232389"}],"wp:term":[{"taxonomy":"category","embeddable":true,"href":"https:\/\/rnoticias.com.mx\/Portal\/wp-json\/wp\/v2\/categories?post=232389"},{"taxonomy":"post_tag","embeddable":true,"href":"https:\/\/rnoticias.com.mx\/Portal\/wp-json\/wp\/v2\/tags?post=232389"}],"curies":[{"name":"wp","href":"https:\/\/api.w.org\/{rel}","templated":true}]}}