{"id":232383,"date":"2025-10-14T19:34:40","date_gmt":"2025-10-15T02:34:40","guid":{"rendered":"https:\/\/rnoticias.com.mx\/Portal\/?p=232383"},"modified":"2025-10-14T19:34:40","modified_gmt":"2025-10-15T02:34:40","slug":"maria-corina-machado-dice-que-podra-recoger-el-nobel-en-oslo-si-maduro-deja-el-poder","status":"publish","type":"post","link":"https:\/\/rnoticias.com.mx\/Portal\/2025\/10\/14\/maria-corina-machado-dice-que-podra-recoger-el-nobel-en-oslo-si-maduro-deja-el-poder\/","title":{"rendered":"Mar\u00eda Corina Machado dice que podr\u00e1 recoger el Nobel en Oslo si Maduro deja el poder"},"content":{"rendered":"<p>La l\u00edder opositora de Venezuela,\u00a0\u00a0<strong>Mar\u00eda Corina Machado<\/strong>\u00a0dijo este lunes que s\u00f3lo podr\u00e1 viajar en diciembre a Oslo (Noruega), a recoger el Premio Nobel de la Paz que le fue otorgado el viernes, si el presidente de Venezuela, Nicol\u00e1s Maduro, deja de estar en el poder.<\/p>\n<p>&nbsp;<\/p>\n<p>Seg\u00fan asegur\u00f3 la opositora en una entrevista con el diario noruego\u00a0<strong>&#8216;Dagens Naeringsliv&#8217;, recogida este lunes por la agencia de noticias de Noruega &#8216;NTB&#8217;, para que ella pueda viajar a la capital del pa\u00eds n\u00f3rdico &#8220;Venezuela debe ser libre&#8221;.<\/strong><\/p>\n<p>&nbsp;<\/p>\n<p><strong>&#8220;Mientras Maduro est\u00e9 en el poder, no puedo dejar el lugar donde me escondo porque hay amenazas directas contra mi vida<\/strong>&#8220;, respondi\u00f3 Machado al peri\u00f3dico noruego .<\/p>\n<p>&nbsp;<\/p>\n<p><strong>&#8220;He aprendido a vivir el d\u00eda a d\u00eda, y el pueblo venezolano est\u00e1 haciendo todo lo que est\u00e1 en su mano&#8221;<\/strong>\u00a0por su futuro, a\u00f1adi\u00f3 la dirigente pol\u00edtica.<\/p>\n<p>&nbsp;<\/p>\n<p>El viernes, Mar\u00eda Corina Machado obtuvo el Premio Nobel de la Paz 202<strong>5 &#8220;por su incansable labor en la promoci\u00f3n de los derechos democr\u00e1ticos del pueblo venezolano y por su lucha por lograr una transici\u00f3n justa y pac\u00edfica de la dictadura a la democracia&#8221;,<\/strong>\u00a0seg\u00fan anunci\u00f3 el Comit\u00e9 Nobel noruego, con sede en Oslo.<\/p>\n<p>&nbsp;<\/p>\n<p>Machado asegur\u00f3 este domingo que haber recibido el galard\u00f3n\u00a0<strong>&#8220;tiene un impacto muy importante tanto en los venezolanos como en el propio r\u00e9gimen&#8221;, que se &#8220;da cuenta&#8221;, a\u00f1adi\u00f3, de que el &#8220;mundo entero legitima&#8221;<\/strong>\u00a0la lucha opositora mientras Maduro &#8220;est\u00e1 absolutamente aislado y tiene los d\u00edas contados&#8221;.<\/p>\n<p>&nbsp;<\/p>\n<p>Desde 2024, Machado reclama lo que insiste fue la victoria del l\u00edder opositor Edmundo Gonz\u00e1lez Urrutia, actualmente exiliado en Espa\u00f1a, en las presidenciales del 28 julio de ese a\u00f1o.<\/p>\n<p>&nbsp;<\/p>\n<p>Seg\u00fan ella y la mayor coalici\u00f3n opositora, Plataforma Unitaria Democr\u00e1tica,\u00a0<strong>Gonz\u00e1lez Urrutia fue el ganador de esta contienda, pese a que el ente electoral, controlado por rectores afines al chavismo, proclam\u00f3 mandatario reelecto a Maduro.<\/strong><\/p>\n<p>&nbsp;<\/p>\n","protected":false},"excerpt":{"rendered":"<p>La l\u00edder opositora de Venezuela,\u00a0\u00a0Mar\u00eda Corina Machado\u00a0dijo este lunes que s\u00f3lo podr\u00e1 viajar en diciembre a Oslo (Noruega), a recoger el Premio Nobel de la Paz que le fue otorgado el viernes, si el presidente de Venezuela, Nicol\u00e1s Maduro, deja de estar en el poder. &nbsp; Seg\u00fan asegur\u00f3 la opositora en una entrevista con el [&hellip;]<\/p>\n","protected":false},"author":2,"featured_media":232384,"comment_status":"closed","ping_status":"closed","sticky":false,"template":"","format":"standard","meta":{"footnotes":""},"categories":[12870,182],"tags":[12865,12871],"class_list":["post-232383","post","type-post","status-publish","format-standard","has-post-thumbnail","hentry","category-destacadas","category-internacional","tag-destacadas","tag-internacional"],"jetpack_featured_media_url":"https:\/\/rnoticias.com.mx\/Portal\/wp-content\/uploads\/2025\/10\/maria-corina-machado.jpg","amp_enabled":true,"_links":{"self":[{"href":"https:\/\/rnoticias.com.mx\/Portal\/wp-json\/wp\/v2\/posts\/232383","targetHints":{"allow":["GET"]}}],"collection":[{"href":"https:\/\/rnoticias.com.mx\/Portal\/wp-json\/wp\/v2\/posts"}],"about":[{"href":"https:\/\/rnoticias.com.mx\/Portal\/wp-json\/wp\/v2\/types\/post"}],"author":[{"embeddable":true,"href":"https:\/\/rnoticias.com.mx\/Portal\/wp-json\/wp\/v2\/users\/2"}],"replies":[{"embeddable":true,"href":"https:\/\/rnoticias.com.mx\/Portal\/wp-json\/wp\/v2\/comments?post=232383"}],"version-history":[{"count":1,"href":"https:\/\/rnoticias.com.mx\/Portal\/wp-json\/wp\/v2\/posts\/232383\/revisions"}],"predecessor-version":[{"id":232385,"href":"https:\/\/rnoticias.com.mx\/Portal\/wp-json\/wp\/v2\/posts\/232383\/revisions\/232385"}],"wp:featuredmedia":[{"embeddable":true,"href":"https:\/\/rnoticias.com.mx\/Portal\/wp-json\/wp\/v2\/media\/232384"}],"wp:attachment":[{"href":"https:\/\/rnoticias.com.mx\/Portal\/wp-json\/wp\/v2\/media?parent=232383"}],"wp:term":[{"taxonomy":"category","embeddable":true,"href":"https:\/\/rnoticias.com.mx\/Portal\/wp-json\/wp\/v2\/categories?post=232383"},{"taxonomy":"post_tag","embeddable":true,"href":"https:\/\/rnoticias.com.mx\/Portal\/wp-json\/wp\/v2\/tags?post=232383"}],"curies":[{"name":"wp","href":"https:\/\/api.w.org\/{rel}","templated":true}]}}