{"id":232380,"date":"2025-10-14T19:31:26","date_gmt":"2025-10-15T02:31:26","guid":{"rendered":"https:\/\/rnoticias.com.mx\/Portal\/?p=232380"},"modified":"2025-10-14T19:31:26","modified_gmt":"2025-10-15T02:31:26","slug":"reconocen-empresarios-liderazgo-de-gobernador-durazo-en-obras-estrategicas-durante-reunion-nacional-del-sector","status":"publish","type":"post","link":"https:\/\/rnoticias.com.mx\/Portal\/2025\/10\/14\/reconocen-empresarios-liderazgo-de-gobernador-durazo-en-obras-estrategicas-durante-reunion-nacional-del-sector\/","title":{"rendered":"Reconocen empresarios liderazgo de Gobernador Durazo en obras estrat\u00e9gicas durante reuni\u00f3n nacional del sector"},"content":{"rendered":"<p>Hermosillo, Sonora; 14 de octubre de 2025.- En aras de dar continuidad a proyectos estrat\u00e9gicos que impulsen y fortalezcan la competitividad y desarrollo de Sonora y de M\u00e9xico en la industria de la construcci\u00f3n, el gobernador Alfonso Durazo Monta\u00f1o inaugur\u00f3 los trabajos de la Reuni\u00f3n Nacional de Infraestructura, Comunicaciones y Transportes, organizada por la C\u00e1mara Nacional de la Industria de la Construcci\u00f3n (CMIC), en la que fue reconocido por el gremio empresarial por su liderazgo en el desarrollo de obras clave para la regi\u00f3n.<\/p>\n<p>Acompa\u00f1ado de Juan Carlos Fuentes Orrala, subsecretario de Infraestructura, Comunicaciones y Transportes (SICT), el jefe del Ejecutivo estatal enfatiz\u00f3 que con la Cuarta Transformaci\u00f3n, y la coordinaci\u00f3n entre los sectores p\u00fablico y privado en materia de obras, se tiene como prioridad el bienestar del pueblo y el desarrollo regional, as\u00ed como la atenci\u00f3n por igual a las comunidades rurales y zonas urbanas, a las ciudades con vocaci\u00f3n industrial o tur\u00edstica y a las localidades que tienen en las actividades agropecuarias y pesqueras el sustento econ\u00f3mico.<\/p>\n<p>&#8220;Ustedes recuerden que un gobierno dejaba un reguero de obras y el siguiente no volteaba a verlas porque no ten\u00edan su sello, en este gobierno hay continuidad en la obra p\u00fablica y eso es extraordinario para la poblaci\u00f3n. No solo por la inversi\u00f3n p\u00fablica que generar\u00e1 empleos y contribuye al crecimiento econ\u00f3mico del estado, sino especialmente porque a largo plazo fortalecer\u00e1 nuestra posici\u00f3n log\u00edstica, comercial, tur\u00edstica y con ello se abrir\u00e1n nuevas oportunidades de desarrollo para la entidad&#8221;, sostuvo el mandatario sonorense.<\/p>\n<p>En estrecha coordinaci\u00f3n entre el Gobierno de M\u00e9xico y Gobierno de Sonora, el gobernador Durazo Monta\u00f1o destac\u00f3 los proyectos carreteros de Bavispe &#8211; Nuevo Casas Grandes y Guaymas &#8211; Chihuahua; as\u00ed como la reubicaci\u00f3n ferroviaria de Nogales y la ratificaci\u00f3n de la construcci\u00f3n del ferrocarril Ciudad de M\u00e9xico &#8211; Nogales.<\/p>\n<p>Por su parte, Juan Carlos Fuentes Orrala indic\u00f3 que, para el Gobierno de M\u00e9xico, el Programa Nacional de Infraestructura tiene como prioridad el progreso de la ciudadan\u00eda, por lo que se trabaja en promover mecanismos que fortalezcan la participaci\u00f3n del sector privado en proyectos p\u00fablicos, garantizando procesos justos y transparentes.<\/p>\n<p>&#8220;Tenemos muy claro que construir infraestructura no solo significa levantar carreteras, caminos, puentes, significa generar oportunidades, conectar comunidades, reducir desigualdades y mejorar la calidad de vida de la gente. Por eso la pol\u00edtica de infraestructura del Gobierno de M\u00e9xico, se ha guiado bajo un principio fundamental, la infraestructura debe estar al servicio del pueblo&#8221;, asegur\u00f3.<\/p>\n<p>En este encuentro de aportaciones sobre proyectos estrat\u00e9gicos que son esenciales para el desarrollo nacional, estuvieron presentes Luis Rafael M\u00e9ndez Jaled, presidente nacional de CMIC; Jorge Aguirre Robles, vicepresidente ejecutivo de infraestructura de Comunicaciones de CMIC; Gustavo Arbayo Luj\u00e1n, integrante del Consejo Consultivo CMIC; Roberto Lazzeri Monta\u00f1o, director de nacional Financiera \/ Bancomext; y M\u00e1ximo Moscoso Pintado, director del Centro SICT en Sonora.<\/p>\n<p>Tambi\u00e9n\u00a0particip\u00f3\u00a0Luis\u00a0Armando\u00a0D\u00edaz\u00a0Infante\u00a0Chapa, secretario\u00a0nacional\u00a0de\u00a0CMIC;\u00a0Adri\u00e1n\u00a0Camou\u00a0Loera, presidente\u00a0de\u00a0la\u00a0delegaci\u00f3n\u00a0Sonora\u00a0CMIC;\u00a0adem\u00e1s de\u00a0servidoras\u00a0y\u00a0servidores\u00a0p\u00fablicos\u00a0del\u00a0Gobierno\u00a0de M\u00e9xico\u00a0y\u00a0del\u00a0Gobierno\u00a0de\u00a0Sonora,\u00a0as\u00ed\u00a0como\u00a0alcaldesas,\u00a0presidentes\u00a0municipales; legisladores locales, federales y empresarios.<\/p>\n","protected":false},"excerpt":{"rendered":"<p>Hermosillo, Sonora; 14 de octubre de 2025.- En aras de dar continuidad a proyectos estrat\u00e9gicos que impulsen y fortalezcan la competitividad y desarrollo de Sonora y de M\u00e9xico en la industria de la construcci\u00f3n, el gobernador Alfonso Durazo Monta\u00f1o inaugur\u00f3 los trabajos de la Reuni\u00f3n Nacional de Infraestructura, Comunicaciones y Transportes, organizada por la C\u00e1mara [&hellip;]<\/p>\n","protected":false},"author":2,"featured_media":232381,"comment_status":"closed","ping_status":"closed","sticky":false,"template":"","format":"standard","meta":{"footnotes":""},"categories":[12870,178],"tags":[12865,12869],"class_list":["post-232380","post","type-post","status-publish","format-standard","has-post-thumbnail","hentry","category-destacadas","category-local","tag-destacadas","tag-local"],"jetpack_featured_media_url":"https:\/\/rnoticias.com.mx\/Portal\/wp-content\/uploads\/2025\/10\/unnamed-1-14.jpg","amp_enabled":true,"_links":{"self":[{"href":"https:\/\/rnoticias.com.mx\/Portal\/wp-json\/wp\/v2\/posts\/232380","targetHints":{"allow":["GET"]}}],"collection":[{"href":"https:\/\/rnoticias.com.mx\/Portal\/wp-json\/wp\/v2\/posts"}],"about":[{"href":"https:\/\/rnoticias.com.mx\/Portal\/wp-json\/wp\/v2\/types\/post"}],"author":[{"embeddable":true,"href":"https:\/\/rnoticias.com.mx\/Portal\/wp-json\/wp\/v2\/users\/2"}],"replies":[{"embeddable":true,"href":"https:\/\/rnoticias.com.mx\/Portal\/wp-json\/wp\/v2\/comments?post=232380"}],"version-history":[{"count":1,"href":"https:\/\/rnoticias.com.mx\/Portal\/wp-json\/wp\/v2\/posts\/232380\/revisions"}],"predecessor-version":[{"id":232382,"href":"https:\/\/rnoticias.com.mx\/Portal\/wp-json\/wp\/v2\/posts\/232380\/revisions\/232382"}],"wp:featuredmedia":[{"embeddable":true,"href":"https:\/\/rnoticias.com.mx\/Portal\/wp-json\/wp\/v2\/media\/232381"}],"wp:attachment":[{"href":"https:\/\/rnoticias.com.mx\/Portal\/wp-json\/wp\/v2\/media?parent=232380"}],"wp:term":[{"taxonomy":"category","embeddable":true,"href":"https:\/\/rnoticias.com.mx\/Portal\/wp-json\/wp\/v2\/categories?post=232380"},{"taxonomy":"post_tag","embeddable":true,"href":"https:\/\/rnoticias.com.mx\/Portal\/wp-json\/wp\/v2\/tags?post=232380"}],"curies":[{"name":"wp","href":"https:\/\/api.w.org\/{rel}","templated":true}]}}