{"id":232377,"date":"2025-10-14T19:27:18","date_gmt":"2025-10-15T02:27:18","guid":{"rendered":"https:\/\/rnoticias.com.mx\/Portal\/?p=232377"},"modified":"2025-10-14T19:27:18","modified_gmt":"2025-10-15T02:27:18","slug":"fortalece-hermosillo-su-promocion-con-formacion-de-anfitriones-turisticos","status":"publish","type":"post","link":"https:\/\/rnoticias.com.mx\/Portal\/2025\/10\/14\/fortalece-hermosillo-su-promocion-con-formacion-de-anfitriones-turisticos\/","title":{"rendered":"Fortalece Hermosillo su promoci\u00f3n con formaci\u00f3n de anfitriones tur\u00edsticos"},"content":{"rendered":"<p>Hermosillo, Sonora. La Asociaci\u00f3n Sonorense de Touroperadores reconoci\u00f3 el compromiso del Gobierno Municipal de Hermosillo en la formaci\u00f3n de nuevos gu\u00edas mediante el programa Anfitriones Tur\u00edsticos, que impulsa la profesionalizaci\u00f3n del sector y fortalece la promoci\u00f3n de la capital sonorense.<\/p>\n<p>&nbsp;<\/p>\n<p>Julio C\u00e9sar Rasc\u00f3n Torres, dirigente del organismo, destac\u00f3 que esta iniciativa de la Direcci\u00f3n de Turismo ha permitido que m\u00e1s personas adquieran conocimientos sobre historia, cultura y atractivos locales.<\/p>\n<p>&nbsp;<\/p>\n<p>\u201cVarios compa\u00f1eros formaron parte de la s\u00e9ptima generaci\u00f3n de anfitriones, lo que enriquece nuestros recorridos\u201d, dijo.<\/p>\n<p>&nbsp;<\/p>\n<p>Explic\u00f3 que los egresados realizan pr\u00e1cticas con touroperadores, donde se les paga y adquieren experiencia.<\/p>\n<p>&nbsp;<\/p>\n<p>Finalmente, Rasc\u00f3n Torres resalt\u00f3 que esta colaboraci\u00f3n ha fortalecido el empleo y la proyecci\u00f3n tur\u00edstica de Hermosillo.<\/p>\n","protected":false},"excerpt":{"rendered":"<p>Hermosillo, Sonora. La Asociaci\u00f3n Sonorense de Touroperadores reconoci\u00f3 el compromiso del Gobierno Municipal de Hermosillo en la formaci\u00f3n de nuevos gu\u00edas mediante el programa Anfitriones Tur\u00edsticos, que impulsa la profesionalizaci\u00f3n del sector y fortalece la promoci\u00f3n de la capital sonorense. &nbsp; Julio C\u00e9sar Rasc\u00f3n Torres, dirigente del organismo, destac\u00f3 que esta iniciativa de la Direcci\u00f3n [&hellip;]<\/p>\n","protected":false},"author":2,"featured_media":232378,"comment_status":"closed","ping_status":"closed","sticky":false,"template":"","format":"standard","meta":{"footnotes":""},"categories":[12870,178],"tags":[12865,12869],"class_list":["post-232377","post","type-post","status-publish","format-standard","has-post-thumbnail","hentry","category-destacadas","category-local","tag-destacadas","tag-local"],"jetpack_featured_media_url":"https:\/\/rnoticias.com.mx\/Portal\/wp-content\/uploads\/2025\/10\/bfdebc71-2afa-4758-bf29-8eea8ded2ba1-2-1.webp","amp_enabled":true,"_links":{"self":[{"href":"https:\/\/rnoticias.com.mx\/Portal\/wp-json\/wp\/v2\/posts\/232377","targetHints":{"allow":["GET"]}}],"collection":[{"href":"https:\/\/rnoticias.com.mx\/Portal\/wp-json\/wp\/v2\/posts"}],"about":[{"href":"https:\/\/rnoticias.com.mx\/Portal\/wp-json\/wp\/v2\/types\/post"}],"author":[{"embeddable":true,"href":"https:\/\/rnoticias.com.mx\/Portal\/wp-json\/wp\/v2\/users\/2"}],"replies":[{"embeddable":true,"href":"https:\/\/rnoticias.com.mx\/Portal\/wp-json\/wp\/v2\/comments?post=232377"}],"version-history":[{"count":1,"href":"https:\/\/rnoticias.com.mx\/Portal\/wp-json\/wp\/v2\/posts\/232377\/revisions"}],"predecessor-version":[{"id":232379,"href":"https:\/\/rnoticias.com.mx\/Portal\/wp-json\/wp\/v2\/posts\/232377\/revisions\/232379"}],"wp:featuredmedia":[{"embeddable":true,"href":"https:\/\/rnoticias.com.mx\/Portal\/wp-json\/wp\/v2\/media\/232378"}],"wp:attachment":[{"href":"https:\/\/rnoticias.com.mx\/Portal\/wp-json\/wp\/v2\/media?parent=232377"}],"wp:term":[{"taxonomy":"category","embeddable":true,"href":"https:\/\/rnoticias.com.mx\/Portal\/wp-json\/wp\/v2\/categories?post=232377"},{"taxonomy":"post_tag","embeddable":true,"href":"https:\/\/rnoticias.com.mx\/Portal\/wp-json\/wp\/v2\/tags?post=232377"}],"curies":[{"name":"wp","href":"https:\/\/api.w.org\/{rel}","templated":true}]}}