{"id":232373,"date":"2025-10-14T19:25:06","date_gmt":"2025-10-15T02:25:06","guid":{"rendered":"https:\/\/rnoticias.com.mx\/Portal\/?p=232373"},"modified":"2025-10-14T19:25:06","modified_gmt":"2025-10-15T02:25:06","slug":"invita-congreso-de-sonora-a-participar-en-foro-de-consulta-en-materia-de-alimentacion-adecuada-y-sostenible","status":"publish","type":"post","link":"https:\/\/rnoticias.com.mx\/Portal\/2025\/10\/14\/invita-congreso-de-sonora-a-participar-en-foro-de-consulta-en-materia-de-alimentacion-adecuada-y-sostenible\/","title":{"rendered":"Invita Congreso de Sonora a participar en foro de consulta en materia de alimentaci\u00f3n adecuada y sostenible"},"content":{"rendered":"<p>Hermosillo, Sonora; 14 de octubre de 2025.- Con el prop\u00f3sito de promover la participaci\u00f3n de las y los sonorenses, el Congreso del Estado de Sonora invit\u00f3 al Foro de Consulta Ciudadana sobre el Proyecto de Ley de Alimentaci\u00f3n Adecuada y Sostenible del Estado.<\/p>\n<p>La diputada Rebeca Silva Gallardo (NAS), promotora de la iniciativa, destac\u00f3 que esta nueva legislaci\u00f3n tiene como objetivo garantizar el derecho a una alimentaci\u00f3n suficiente, nutritiva, saludable y culturalmente adecuada, colocando en el centro de las pol\u00edticas p\u00fablicas a las personas y su entorno.<\/p>\n<p>Silva Gallardo explic\u00f3 que la propuesta legislativa prioriza derechos fundamentales como la salud, el medio ambiente sano, el acceso al agua y el inter\u00e9s superior de la ni\u00f1ez, los cuales fungen como ejes rectores en el dise\u00f1o e implementaci\u00f3n de pol\u00edticas relacionadas con la alimentaci\u00f3n y la sostenibilidad.<\/p>\n<p>Asimismo, se\u00f1al\u00f3 que el planteamiento busca armonizarse con la Ley General de Alimentaci\u00f3n Adecuada y Sostenible, mediante la promoci\u00f3n de entornos alimentarios saludables, el consumo informado de alimentos nutritivos y el fortalecimiento de los sistemas locales de producci\u00f3n y distribuci\u00f3n de alimentos.<\/p>\n<p>El foro de consulta se llevar\u00e1 a cabo el pr\u00f3ximo viernes 17 de octubre, a las 11:00 horas, en la Sala de Comisiones del Congreso del Estado, donde especialistas, representantes de instituciones, organizaciones civiles y ciudadan\u00eda en general podr\u00e1n compartir sus propuestas.<\/p>\n<p>La iniciativa completa y los detalles del foro pueden consultarse en el siguiente enlace:<br \/>\nhttps:\/\/congresoson.gob.mx\/publicaciones\/?p=Foro-Consulta-en-Materia-de-Alimentacion.<\/p>\n","protected":false},"excerpt":{"rendered":"<p>Hermosillo, Sonora; 14 de octubre de 2025.- Con el prop\u00f3sito de promover la participaci\u00f3n de las y los sonorenses, el Congreso del Estado de Sonora invit\u00f3 al Foro de Consulta Ciudadana sobre el Proyecto de Ley de Alimentaci\u00f3n Adecuada y Sostenible del Estado. La diputada Rebeca Silva Gallardo (NAS), promotora de la iniciativa, destac\u00f3 que [&hellip;]<\/p>\n","protected":false},"author":2,"featured_media":232375,"comment_status":"closed","ping_status":"closed","sticky":false,"template":"","format":"standard","meta":{"footnotes":""},"categories":[12870,12868],"tags":[12865,12879],"class_list":["post-232373","post","type-post","status-publish","format-standard","has-post-thumbnail","hentry","category-destacadas","category-politica","tag-destacadas","tag-politica"],"jetpack_featured_media_url":"https:\/\/rnoticias.com.mx\/Portal\/wp-content\/uploads\/2025\/10\/c2fb003f-ea89-43d1-93c4-e67d804723f6.jpeg","amp_enabled":true,"_links":{"self":[{"href":"https:\/\/rnoticias.com.mx\/Portal\/wp-json\/wp\/v2\/posts\/232373","targetHints":{"allow":["GET"]}}],"collection":[{"href":"https:\/\/rnoticias.com.mx\/Portal\/wp-json\/wp\/v2\/posts"}],"about":[{"href":"https:\/\/rnoticias.com.mx\/Portal\/wp-json\/wp\/v2\/types\/post"}],"author":[{"embeddable":true,"href":"https:\/\/rnoticias.com.mx\/Portal\/wp-json\/wp\/v2\/users\/2"}],"replies":[{"embeddable":true,"href":"https:\/\/rnoticias.com.mx\/Portal\/wp-json\/wp\/v2\/comments?post=232373"}],"version-history":[{"count":1,"href":"https:\/\/rnoticias.com.mx\/Portal\/wp-json\/wp\/v2\/posts\/232373\/revisions"}],"predecessor-version":[{"id":232376,"href":"https:\/\/rnoticias.com.mx\/Portal\/wp-json\/wp\/v2\/posts\/232373\/revisions\/232376"}],"wp:featuredmedia":[{"embeddable":true,"href":"https:\/\/rnoticias.com.mx\/Portal\/wp-json\/wp\/v2\/media\/232375"}],"wp:attachment":[{"href":"https:\/\/rnoticias.com.mx\/Portal\/wp-json\/wp\/v2\/media?parent=232373"}],"wp:term":[{"taxonomy":"category","embeddable":true,"href":"https:\/\/rnoticias.com.mx\/Portal\/wp-json\/wp\/v2\/categories?post=232373"},{"taxonomy":"post_tag","embeddable":true,"href":"https:\/\/rnoticias.com.mx\/Portal\/wp-json\/wp\/v2\/tags?post=232373"}],"curies":[{"name":"wp","href":"https:\/\/api.w.org\/{rel}","templated":true}]}}