{"id":232367,"date":"2025-10-14T19:22:18","date_gmt":"2025-10-15T02:22:18","guid":{"rendered":"https:\/\/rnoticias.com.mx\/Portal\/?p=232367"},"modified":"2025-10-14T19:22:18","modified_gmt":"2025-10-15T02:22:18","slug":"destaca-nueva-alianza-sonora-cumplimiento-en-la-cuenta-publica-estatal-2024","status":"publish","type":"post","link":"https:\/\/rnoticias.com.mx\/Portal\/2025\/10\/14\/destaca-nueva-alianza-sonora-cumplimiento-en-la-cuenta-publica-estatal-2024\/","title":{"rendered":"Destaca Nueva Alianza Sonora cumplimiento en la Cuenta P\u00fablica Estatal 2024"},"content":{"rendered":"<p>Hermosillo, Sonora; 14 de octubre de 2025.- El Grupo Parlamentario de Nueva Alianza Sonora, a trav\u00e9s de la diputada Rebeca Silva Gallardo, present\u00f3 un posicionamiento en relaci\u00f3n con la Cuenta P\u00fablica Estatal y Municipal 2024, durante la sesi\u00f3n ordinaria de este martes en el Congreso del Estado.<\/p>\n<p>La legisladora manifest\u00f3 que el an\u00e1lisis de los informes presentados por el Instituto Superior de Auditor\u00eda y Fiscalizaci\u00f3n (ISAF) permite constatar que el Gobierno del Estado ha cumplido con las obligaciones formales en la presentaci\u00f3n de la informaci\u00f3n financiera, contable y presupuestaria, de acuerdo con lo establecido en el marco legal vigente.<\/p>\n<p>Silva Gallardo destac\u00f3 que la Cuenta P\u00fablica Estatal 2024 refleja avances significativos en la consolidaci\u00f3n de una gesti\u00f3n financiera m\u00e1s ordenada y responsable, lo cual se traduce en un mejor uso de los recursos p\u00fablicos y en la ejecuci\u00f3n de pol\u00edticas orientadas al bienestar de las y los sonorenses.<\/p>\n<p>Destac\u00f3 que la recaudaci\u00f3n estatal super\u00f3 lo previsto en la Ley de Ingresos, lo que demuestra una administraci\u00f3n eficiente en materia de presupuestal y un esfuerzo sostenido por fortalecer las finanzas p\u00fablicas sin recurrir al endeudamiento excesivo.<\/p>\n<p>En su intervenci\u00f3n, la diputada se\u00f1al\u00f3 los retos y \u00e1reas de oportunidad que enfrentan los ayuntamientos para evitar que cobren contribuciones declaradas inconstitucionales por la Suprema Corte de Justicia de la Naci\u00f3n, haciendo \u00e9nfasis en la necesidad de profesionalizar la funci\u00f3n de las personas servidoras p\u00fablicas municipales para contar con una administraci\u00f3n m\u00e1s eficiente de los recursos p\u00fablicos.<\/p>\n<p>Finalmente, reconoci\u00f3 el trabajo del Gobierno del Estado y de los ayuntamientos por su compromiso con la transparencia, la rendici\u00f3n de cuentas y la correcta administraci\u00f3n de los recursos p\u00fablicos.<\/p>\n","protected":false},"excerpt":{"rendered":"<p>Hermosillo, Sonora; 14 de octubre de 2025.- El Grupo Parlamentario de Nueva Alianza Sonora, a trav\u00e9s de la diputada Rebeca Silva Gallardo, present\u00f3 un posicionamiento en relaci\u00f3n con la Cuenta P\u00fablica Estatal y Municipal 2024, durante la sesi\u00f3n ordinaria de este martes en el Congreso del Estado. La legisladora manifest\u00f3 que el an\u00e1lisis de los [&hellip;]<\/p>\n","protected":false},"author":2,"featured_media":232368,"comment_status":"closed","ping_status":"closed","sticky":false,"template":"","format":"standard","meta":{"footnotes":""},"categories":[12870,12868],"tags":[12865,12879],"class_list":["post-232367","post","type-post","status-publish","format-standard","has-post-thumbnail","hentry","category-destacadas","category-politica","tag-destacadas","tag-politica"],"jetpack_featured_media_url":"https:\/\/rnoticias.com.mx\/Portal\/wp-content\/uploads\/2025\/10\/37d18a22-ed20-42ab-96c5-b2cd90b5b693.jpeg","amp_enabled":true,"_links":{"self":[{"href":"https:\/\/rnoticias.com.mx\/Portal\/wp-json\/wp\/v2\/posts\/232367","targetHints":{"allow":["GET"]}}],"collection":[{"href":"https:\/\/rnoticias.com.mx\/Portal\/wp-json\/wp\/v2\/posts"}],"about":[{"href":"https:\/\/rnoticias.com.mx\/Portal\/wp-json\/wp\/v2\/types\/post"}],"author":[{"embeddable":true,"href":"https:\/\/rnoticias.com.mx\/Portal\/wp-json\/wp\/v2\/users\/2"}],"replies":[{"embeddable":true,"href":"https:\/\/rnoticias.com.mx\/Portal\/wp-json\/wp\/v2\/comments?post=232367"}],"version-history":[{"count":1,"href":"https:\/\/rnoticias.com.mx\/Portal\/wp-json\/wp\/v2\/posts\/232367\/revisions"}],"predecessor-version":[{"id":232369,"href":"https:\/\/rnoticias.com.mx\/Portal\/wp-json\/wp\/v2\/posts\/232367\/revisions\/232369"}],"wp:featuredmedia":[{"embeddable":true,"href":"https:\/\/rnoticias.com.mx\/Portal\/wp-json\/wp\/v2\/media\/232368"}],"wp:attachment":[{"href":"https:\/\/rnoticias.com.mx\/Portal\/wp-json\/wp\/v2\/media?parent=232367"}],"wp:term":[{"taxonomy":"category","embeddable":true,"href":"https:\/\/rnoticias.com.mx\/Portal\/wp-json\/wp\/v2\/categories?post=232367"},{"taxonomy":"post_tag","embeddable":true,"href":"https:\/\/rnoticias.com.mx\/Portal\/wp-json\/wp\/v2\/tags?post=232367"}],"curies":[{"name":"wp","href":"https:\/\/api.w.org\/{rel}","templated":true}]}}