{"id":232350,"date":"2025-10-14T18:58:42","date_gmt":"2025-10-15T01:58:42","guid":{"rendered":"https:\/\/rnoticias.com.mx\/Portal\/?p=232350"},"modified":"2025-10-14T19:02:24","modified_gmt":"2025-10-15T02:02:24","slug":"impulsan-en-kino-acciones-para-fortalecer-derechos-laborales-de-jornaleros","status":"publish","type":"post","link":"https:\/\/rnoticias.com.mx\/Portal\/2025\/10\/14\/impulsan-en-kino-acciones-para-fortalecer-derechos-laborales-de-jornaleros\/","title":{"rendered":"Impulsan en el Poblado Miguel Alem\u00e1n acciones para fortalecer derechos laborales de jornaleros"},"content":{"rendered":"<p>Hermosillo, Sonora. Con la finalidad de garantizar el respeto a los derechos humanos y laborales de los trabajadores agr\u00edcolas, la Red Nacional de Jornaleros y Jornaleras Agr\u00edcolas llev\u00f3 a cabo una jornada informativa en el Poblado Miguel Alem\u00e1n, donde diversas instituciones unieron esfuerzos en atenci\u00f3n a esta comunidad.<\/p>\n<p>&nbsp;<\/p>\n<p>El soci\u00f3logo Jos\u00e9 Eduardo Calvario explic\u00f3 que la jornada tuvo resultados concretos al canalizar casos de riesgo, brindar apoyo emocional mediante la Secretar\u00eda de las Mujeres y ofrecer asesor\u00eda jur\u00eddica a trav\u00e9s del CEDIS.<\/p>\n<p>&nbsp;<\/p>\n<p>\u201cAdem\u00e1s, se identificaron personas que requieren alfabetizaci\u00f3n y fueron referidas a programas educativos. En la jornada tambi\u00e9n participaron la Secretar\u00eda del Trabajo, la Secretar\u00eda de Salud y la Comisi\u00f3n Estatal de Derechos Humanos, que ofrecieron servicios de salud preventiva, vacunaci\u00f3n de mascotas y orientaci\u00f3n en derechos laborales\u201d, cont\u00f3.<\/p>\n<p>&nbsp;<\/p>\n<p>Agreg\u00f3, que la presencia de la comunidad triqui fortaleci\u00f3 el di\u00e1logo y la colaboraci\u00f3n con pueblos originarios de la regi\u00f3n.<\/p>\n","protected":false},"excerpt":{"rendered":"<p>Hermosillo, Sonora. Con la finalidad de garantizar el respeto a los derechos humanos y laborales de los trabajadores agr\u00edcolas, la Red Nacional de Jornaleros y Jornaleras Agr\u00edcolas llev\u00f3 a cabo una jornada informativa en el Poblado Miguel Alem\u00e1n, donde diversas instituciones unieron esfuerzos en atenci\u00f3n a esta comunidad. &nbsp; El soci\u00f3logo Jos\u00e9 Eduardo Calvario explic\u00f3 [&hellip;]<\/p>\n","protected":false},"author":2,"featured_media":232351,"comment_status":"closed","ping_status":"closed","sticky":false,"template":"","format":"standard","meta":{"footnotes":""},"categories":[12870,178],"tags":[12865,12869],"class_list":["post-232350","post","type-post","status-publish","format-standard","has-post-thumbnail","hentry","category-destacadas","category-local","tag-destacadas","tag-local"],"jetpack_featured_media_url":"https:\/\/rnoticias.com.mx\/Portal\/wp-content\/uploads\/2025\/10\/campo1.jpg","amp_enabled":true,"_links":{"self":[{"href":"https:\/\/rnoticias.com.mx\/Portal\/wp-json\/wp\/v2\/posts\/232350","targetHints":{"allow":["GET"]}}],"collection":[{"href":"https:\/\/rnoticias.com.mx\/Portal\/wp-json\/wp\/v2\/posts"}],"about":[{"href":"https:\/\/rnoticias.com.mx\/Portal\/wp-json\/wp\/v2\/types\/post"}],"author":[{"embeddable":true,"href":"https:\/\/rnoticias.com.mx\/Portal\/wp-json\/wp\/v2\/users\/2"}],"replies":[{"embeddable":true,"href":"https:\/\/rnoticias.com.mx\/Portal\/wp-json\/wp\/v2\/comments?post=232350"}],"version-history":[{"count":2,"href":"https:\/\/rnoticias.com.mx\/Portal\/wp-json\/wp\/v2\/posts\/232350\/revisions"}],"predecessor-version":[{"id":232354,"href":"https:\/\/rnoticias.com.mx\/Portal\/wp-json\/wp\/v2\/posts\/232350\/revisions\/232354"}],"wp:featuredmedia":[{"embeddable":true,"href":"https:\/\/rnoticias.com.mx\/Portal\/wp-json\/wp\/v2\/media\/232351"}],"wp:attachment":[{"href":"https:\/\/rnoticias.com.mx\/Portal\/wp-json\/wp\/v2\/media?parent=232350"}],"wp:term":[{"taxonomy":"category","embeddable":true,"href":"https:\/\/rnoticias.com.mx\/Portal\/wp-json\/wp\/v2\/categories?post=232350"},{"taxonomy":"post_tag","embeddable":true,"href":"https:\/\/rnoticias.com.mx\/Portal\/wp-json\/wp\/v2\/tags?post=232350"}],"curies":[{"name":"wp","href":"https:\/\/api.w.org\/{rel}","templated":true}]}}