{"id":232347,"date":"2025-10-14T18:57:27","date_gmt":"2025-10-15T01:57:27","guid":{"rendered":"https:\/\/rnoticias.com.mx\/Portal\/?p=232347"},"modified":"2025-10-14T18:57:27","modified_gmt":"2025-10-15T01:57:27","slug":"aclaran-incidente-y-continua-operacion-del-estanquillo-de-las-letras-en-plaza-zaragoza","status":"publish","type":"post","link":"https:\/\/rnoticias.com.mx\/Portal\/2025\/10\/14\/aclaran-incidente-y-continua-operacion-del-estanquillo-de-las-letras-en-plaza-zaragoza\/","title":{"rendered":"Aclaran incidente y contin\u00faa operaci\u00f3n del Estanquillo de las Letras en Plaza Zaragoza"},"content":{"rendered":"<p>Hermosillo, Sonora. Luego de un breve contratiempo con personal de Inspecci\u00f3n y Vigilancia, el Estanquillo de las Letras, ubicado en Plaza Zaragoza, confirm\u00f3 que continuar\u00e1 ofreciendo sus actividades culturales con normalidad.<\/p>\n<p>&nbsp;<\/p>\n<p>Luis Mois\u00e9s Blumenkron, responsable del espacio, explic\u00f3 que el pasado viernes se les hab\u00eda solicitado desalojar el sitio; sin embargo, el asunto se resolvi\u00f3 el mismo d\u00eda al comprobarse que el permiso expedido por el Instituto Municipal de Cultura y Arte segu\u00eda en regla.<\/p>\n<p>&nbsp;<\/p>\n<p>\u201cEl estanquillo tiene m\u00e1s de seis a\u00f1os ya aqu\u00ed en la plaza Zaragoza y obviamente es un referente de la cultura, de la cultura de la comunidad. Lo que hacemos nosotros, el objetivo principal es promover la cultura y las artes en todas sus expresiones. Principalmente la literatura, que es para lo que est\u00e1 hecho el estanquillo, casi exclusivamente para libreros, para escritores sonorenses\u201d, detall\u00f3.<\/p>\n<p>&nbsp;<\/p>\n<p>Finalmente, indic\u00f3, que su programaci\u00f3n, dirigida a p\u00fablicos de todas las edades, se seguir\u00e1 desarrollando con normalidad de viernes a domingo entre las 18:00 y 22:00 horas, con entrada libre.<\/p>\n","protected":false},"excerpt":{"rendered":"<p>Hermosillo, Sonora. Luego de un breve contratiempo con personal de Inspecci\u00f3n y Vigilancia, el Estanquillo de las Letras, ubicado en Plaza Zaragoza, confirm\u00f3 que continuar\u00e1 ofreciendo sus actividades culturales con normalidad. &nbsp; Luis Mois\u00e9s Blumenkron, responsable del espacio, explic\u00f3 que el pasado viernes se les hab\u00eda solicitado desalojar el sitio; sin embargo, el asunto se [&hellip;]<\/p>\n","protected":false},"author":2,"featured_media":232348,"comment_status":"closed","ping_status":"closed","sticky":false,"template":"","format":"standard","meta":{"footnotes":""},"categories":[12870,178],"tags":[12865,12869],"class_list":["post-232347","post","type-post","status-publish","format-standard","has-post-thumbnail","hentry","category-destacadas","category-local","tag-destacadas","tag-local"],"jetpack_featured_media_url":"https:\/\/rnoticias.com.mx\/Portal\/wp-content\/uploads\/2025\/10\/7492a0f2-2d2d-4850-871d-1cad525078d8.jpeg","amp_enabled":true,"_links":{"self":[{"href":"https:\/\/rnoticias.com.mx\/Portal\/wp-json\/wp\/v2\/posts\/232347","targetHints":{"allow":["GET"]}}],"collection":[{"href":"https:\/\/rnoticias.com.mx\/Portal\/wp-json\/wp\/v2\/posts"}],"about":[{"href":"https:\/\/rnoticias.com.mx\/Portal\/wp-json\/wp\/v2\/types\/post"}],"author":[{"embeddable":true,"href":"https:\/\/rnoticias.com.mx\/Portal\/wp-json\/wp\/v2\/users\/2"}],"replies":[{"embeddable":true,"href":"https:\/\/rnoticias.com.mx\/Portal\/wp-json\/wp\/v2\/comments?post=232347"}],"version-history":[{"count":1,"href":"https:\/\/rnoticias.com.mx\/Portal\/wp-json\/wp\/v2\/posts\/232347\/revisions"}],"predecessor-version":[{"id":232349,"href":"https:\/\/rnoticias.com.mx\/Portal\/wp-json\/wp\/v2\/posts\/232347\/revisions\/232349"}],"wp:featuredmedia":[{"embeddable":true,"href":"https:\/\/rnoticias.com.mx\/Portal\/wp-json\/wp\/v2\/media\/232348"}],"wp:attachment":[{"href":"https:\/\/rnoticias.com.mx\/Portal\/wp-json\/wp\/v2\/media?parent=232347"}],"wp:term":[{"taxonomy":"category","embeddable":true,"href":"https:\/\/rnoticias.com.mx\/Portal\/wp-json\/wp\/v2\/categories?post=232347"},{"taxonomy":"post_tag","embeddable":true,"href":"https:\/\/rnoticias.com.mx\/Portal\/wp-json\/wp\/v2\/tags?post=232347"}],"curies":[{"name":"wp","href":"https:\/\/api.w.org\/{rel}","templated":true}]}}