{"id":232334,"date":"2025-10-14T18:47:51","date_gmt":"2025-10-15T01:47:51","guid":{"rendered":"https:\/\/rnoticias.com.mx\/Portal\/?p=232334"},"modified":"2025-10-14T18:47:51","modified_gmt":"2025-10-15T01:47:51","slug":"la-fiscalizacion-asegura-que-los-recursos-del-pueblo-regresen-al-pueblo-en-forma-de-bienestar-diputados-pt","status":"publish","type":"post","link":"https:\/\/rnoticias.com.mx\/Portal\/2025\/10\/14\/la-fiscalizacion-asegura-que-los-recursos-del-pueblo-regresen-al-pueblo-en-forma-de-bienestar-diputados-pt\/","title":{"rendered":"La fiscalizaci\u00f3n asegura que los recursos del pueblo regresen al pueblo en forma de bienestar: diputados PT"},"content":{"rendered":"<p>Hermosillo, Sonora; 14 de octubre de 2025.- Los dict\u00e1menes de las cuentas p\u00fablicas estatal y municipales muestran avances significativos en materia de transparencia, eficiencia y eficacia del gasto p\u00fablico, lo que habla de confianza, responsabilidad, disciplina financiera y sentido social, declar\u00f3 Jazm\u00edn G\u00f3mez Liz\u00e1rraga.<\/p>\n<p>La coordinadora parlamentaria del Partido del Trabajo (PT), present\u00f3 este d\u00eda, a nombre de sus compa\u00f1eros de bancada, un posicionamiento sobre los informes de resultados elaborados por el Instituto Superior de Auditor\u00eda y Fiscalizaci\u00f3n (ISAF) con relaci\u00f3n a la calificaci\u00f3n de las finanzas p\u00fablicas del estado y los 72 municipios.<\/p>\n<p>Respecto a este acto de rendici\u00f3n de cuentas, la legisladora petista consider\u00f3 que los resultados reflejan la administraci\u00f3n ordenada, responsable y una gesti\u00f3n financiera s\u00f3lida que ofrece estabilidad econ\u00f3mica para las y los sonorenses, y son la base para que cada peso del erario se traduzca en bienestar, infraestructura, servicios, seguridad y oportunidades para la gente.<\/p>\n<p>\u201cEste equilibrio entre orden financiero y justicia social es precisamente lo que caracteriza al proyecto de la Cuarta Transformaci\u00f3n: un modelo de gobierno que administra con honestidad, pero tambi\u00e9n gobierna con coraz\u00f3n; que no ve en los recursos p\u00fablicos una oportunidad de poder, sino una herramienta de servicio\u201d, asever\u00f3.<\/p>\n<p>Al referirse a las cuentas p\u00fablicas municipales, reconoci\u00f3 que 58 de los 72 municipios obtuvieran calificaciones aprobatorias, una situaci\u00f3n que, en contextos de grandes desaf\u00edos locales, demuestra que los gobiernos locales act\u00faan con responsabilidad, cercan\u00eda y compromiso social.<\/p>\n<p>G\u00f3mez Liz\u00e1rraga asegur\u00f3 que Sonora avanza con paso firme, gracias a la coordinaci\u00f3n entre el Poder Legislativo, los municipios y el Gobierno del Estado con el firme prop\u00f3sito de asegurar que los recursos del pueblo regresen al pueblo en forma de bienestar. Esto, dijo, solo es posible con una nueva forma de hacer gobierno: un liderazgo honesto, comprometido con el bienestar del pueblo e instituciones que asumen su papel con profesionalismo y responsabilidad.<\/p>\n","protected":false},"excerpt":{"rendered":"<p>Hermosillo, Sonora; 14 de octubre de 2025.- Los dict\u00e1menes de las cuentas p\u00fablicas estatal y municipales muestran avances significativos en materia de transparencia, eficiencia y eficacia del gasto p\u00fablico, lo que habla de confianza, responsabilidad, disciplina financiera y sentido social, declar\u00f3 Jazm\u00edn G\u00f3mez Liz\u00e1rraga. La coordinadora parlamentaria del Partido del Trabajo (PT), present\u00f3 este d\u00eda, [&hellip;]<\/p>\n","protected":false},"author":2,"featured_media":232335,"comment_status":"closed","ping_status":"closed","sticky":false,"template":"","format":"standard","meta":{"footnotes":""},"categories":[12870,12868],"tags":[12865,12879],"class_list":["post-232334","post","type-post","status-publish","format-standard","has-post-thumbnail","hentry","category-destacadas","category-politica","tag-destacadas","tag-politica"],"jetpack_featured_media_url":"https:\/\/rnoticias.com.mx\/Portal\/wp-content\/uploads\/2025\/10\/2a3b5221-1eec-4c66-88df-d3733ec7e9fb.jpeg","amp_enabled":true,"_links":{"self":[{"href":"https:\/\/rnoticias.com.mx\/Portal\/wp-json\/wp\/v2\/posts\/232334","targetHints":{"allow":["GET"]}}],"collection":[{"href":"https:\/\/rnoticias.com.mx\/Portal\/wp-json\/wp\/v2\/posts"}],"about":[{"href":"https:\/\/rnoticias.com.mx\/Portal\/wp-json\/wp\/v2\/types\/post"}],"author":[{"embeddable":true,"href":"https:\/\/rnoticias.com.mx\/Portal\/wp-json\/wp\/v2\/users\/2"}],"replies":[{"embeddable":true,"href":"https:\/\/rnoticias.com.mx\/Portal\/wp-json\/wp\/v2\/comments?post=232334"}],"version-history":[{"count":1,"href":"https:\/\/rnoticias.com.mx\/Portal\/wp-json\/wp\/v2\/posts\/232334\/revisions"}],"predecessor-version":[{"id":232336,"href":"https:\/\/rnoticias.com.mx\/Portal\/wp-json\/wp\/v2\/posts\/232334\/revisions\/232336"}],"wp:featuredmedia":[{"embeddable":true,"href":"https:\/\/rnoticias.com.mx\/Portal\/wp-json\/wp\/v2\/media\/232335"}],"wp:attachment":[{"href":"https:\/\/rnoticias.com.mx\/Portal\/wp-json\/wp\/v2\/media?parent=232334"}],"wp:term":[{"taxonomy":"category","embeddable":true,"href":"https:\/\/rnoticias.com.mx\/Portal\/wp-json\/wp\/v2\/categories?post=232334"},{"taxonomy":"post_tag","embeddable":true,"href":"https:\/\/rnoticias.com.mx\/Portal\/wp-json\/wp\/v2\/tags?post=232334"}],"curies":[{"name":"wp","href":"https:\/\/api.w.org\/{rel}","templated":true}]}}