{"id":232331,"date":"2025-10-14T18:46:18","date_gmt":"2025-10-15T01:46:18","guid":{"rendered":"https:\/\/rnoticias.com.mx\/Portal\/?p=232331"},"modified":"2025-10-14T18:46:18","modified_gmt":"2025-10-15T01:46:18","slug":"entregaran-primeras-viviendas-del-bienestar-en-hermosillo","status":"publish","type":"post","link":"https:\/\/rnoticias.com.mx\/Portal\/2025\/10\/14\/entregaran-primeras-viviendas-del-bienestar-en-hermosillo\/","title":{"rendered":"Entregar\u00e1n primeras viviendas del Bienestar en Hermosillo"},"content":{"rendered":"<p>Hermosillo, Sonora. Las primeras viviendas del programa del Bienestar en Hermosillo se entregar\u00e1n a partir de enero de 2026, inform\u00f3 Jorge Alberto Borb\u00f3n Sainz, delegado del Infonavit en Sonora.<\/p>\n<p>&nbsp;<\/p>\n<p>Se\u00f1al\u00f3 que, a nivel nacional, las viviendas de este programa son de cuatro niveles, pero en Sonora se ajustar\u00e1n a un m\u00e1ximo de tres pisos, con algunas opciones de viviendas unifamiliares y de dos niveles, seg\u00fan el proyecto local.<\/p>\n<p>&nbsp;<\/p>\n<p>\u201cActualmente, ya se construye un desarrollo de mil 400 viviendas en la zona de Altares, mientras que otro proyecto que inicialmente contemplaba cuatro niveles est\u00e1 en revisi\u00f3n para ajustar su altura. Estos cambios buscan ofrecer diferentes precios seg\u00fan el piso y hacer que m\u00e1s trabajadores puedan acceder a una vivienda adecuada a su ingreso\u201d, asever\u00f3.<\/p>\n<p>&nbsp;<\/p>\n<p>Detall\u00f3, que el programa est\u00e1 dirigido a j\u00f3venes trabajadores con ingresos de entre uno y dos salarios m\u00ednimos, que sean derechohabientes de Infonavit con m\u00e1s de seis meses de antig\u00fcedad y que no cuenten con una vivienda propia.<\/p>\n<p>&nbsp;<\/p>\n<p>Aclar\u00f3 que la eliminaci\u00f3n de puntos para solicitar una vivienda aplica \u00fanicamente para este programa del Bienestar.<\/p>\n<p>&nbsp;<\/p>\n<p>\u201cEn Sonora, alrededor de 700 mil trabajadores podr\u00edan ser beneficiarios, de los cuales aproximadamente la mitad cumple con los requisitos de ingresos. Los interesados ya pueden registrarse en la plataforma \u201cMi Cuenta Infonavit\u201d, donde se habilita un banner para formar parte de las viviendas del Bienestar\u201d, dijo.<\/p>\n<p>&nbsp;<\/p>\n<p>Finalmente, Borb\u00f3n Sainz destac\u00f3 que este programa busca garantizar certidumbre y acceso justo a la vivienda, evitando que inmuebles ocupados por terceros se vendan a precios elevados.<\/p>\n<p>&nbsp;<\/p>\n<p>&nbsp;<\/p>\n<p>El dato:<\/p>\n<p>Infonavit ofrece cr\u00e9ditos tradicionales para adquirir vivienda nueva o usada, con montos que van de 300 mil hasta 2.8 millones de pesos, y la opci\u00f3n \u201cUnamos Cr\u00e9ditos\u201d, que permite combinar cr\u00e9ditos de familiares para alcanzar hasta 4.8 millones de pesos.<\/p>\n<p>&nbsp;<\/p>\n<p>&nbsp;<\/p>\n<p>Cifra:<\/p>\n<p>El <a href=\"https:\/\/www.google.com\/search?sca_esv=e43c86de5287e939&amp;sxsrf=AE3TifO7H6kjPOCd2IqVG8dTmQu3LNd2fg%3A1760484212389&amp;q=Infonavit&amp;source=lnms&amp;fbs=AIIjpHx4nJjfGojPVHhEACUHPiMQKBUqzTkgNGGtr-5xqnF46iLI5SEy8rWXEv5KXhfuU6cadMd1SkR5ZSPaWpDP9bIoPLYnTCuBCZEMlcSkF923YzbIDIs72SGGeCM1QeEGueERt1r7qXDm3gC0HmlWaGxkcTDTHtXLV0ACztm7A52fcqN51Y7q5hmgKqpBWLxkFjCRMIyNyROzG-xtcrTvKTk2MCLtYgcNYl1Svxkpzdv1L-X2yVY&amp;sa=X&amp;ved=2ahUKEwiatvPh6qSQAxUUBbwBHamjIc4QgK4QegQIAhAB&amp;biw=1358&amp;bih=650&amp;dpr=1&amp;mstk=AUtExfATvQ_LCtld0uTmtuHsJt8yow-yQvXcF2USQ1mKxNz12U3NXV2YeR7IwwP71MIvq5dEK-0dT8aMyJHwxl9j-fLp3OUJjAjDXWSQX8DEPidGM-ClfhVtogl7E6OwXwtIR-gLYMtm3Io9bV4FUdrdYyMujkH7u5pbVCfftUUTo_60Q1K-Psq32nghwCYhuTiTB5qJzmXxsDPvRCXfCR2DgON50m6I6UQuhBB05y-sql_PZG0f2tO_RAQizyRBo2ZlCGdRO-r6BnuA2zvNYUyeHeqQl8te1KJ_-pJAt6nzAPvoAPwFS3m6VwMOaOP0vWyRZA&amp;csui=3\">Infonavit<\/a>\u00a0planea construir\u00a0cerca de siete mil 500 viviendas en Sonora durante el 2026.<\/p>\n<p>&nbsp;<\/p>\n","protected":false},"excerpt":{"rendered":"<p>Hermosillo, Sonora. Las primeras viviendas del programa del Bienestar en Hermosillo se entregar\u00e1n a partir de enero de 2026, inform\u00f3 Jorge Alberto Borb\u00f3n Sainz, delegado del Infonavit en Sonora. &nbsp; Se\u00f1al\u00f3 que, a nivel nacional, las viviendas de este programa son de cuatro niveles, pero en Sonora se ajustar\u00e1n a un m\u00e1ximo de tres pisos, [&hellip;]<\/p>\n","protected":false},"author":2,"featured_media":232332,"comment_status":"closed","ping_status":"closed","sticky":false,"template":"","format":"standard","meta":{"footnotes":""},"categories":[12870,178],"tags":[12865,12869],"class_list":["post-232331","post","type-post","status-publish","format-standard","has-post-thumbnail","hentry","category-destacadas","category-local","tag-destacadas","tag-local"],"jetpack_featured_media_url":"https:\/\/rnoticias.com.mx\/Portal\/wp-content\/uploads\/2025\/10\/reubicaran-viviendas-del-bienestar-en-hermosillo-655972.jpg","amp_enabled":true,"_links":{"self":[{"href":"https:\/\/rnoticias.com.mx\/Portal\/wp-json\/wp\/v2\/posts\/232331","targetHints":{"allow":["GET"]}}],"collection":[{"href":"https:\/\/rnoticias.com.mx\/Portal\/wp-json\/wp\/v2\/posts"}],"about":[{"href":"https:\/\/rnoticias.com.mx\/Portal\/wp-json\/wp\/v2\/types\/post"}],"author":[{"embeddable":true,"href":"https:\/\/rnoticias.com.mx\/Portal\/wp-json\/wp\/v2\/users\/2"}],"replies":[{"embeddable":true,"href":"https:\/\/rnoticias.com.mx\/Portal\/wp-json\/wp\/v2\/comments?post=232331"}],"version-history":[{"count":1,"href":"https:\/\/rnoticias.com.mx\/Portal\/wp-json\/wp\/v2\/posts\/232331\/revisions"}],"predecessor-version":[{"id":232333,"href":"https:\/\/rnoticias.com.mx\/Portal\/wp-json\/wp\/v2\/posts\/232331\/revisions\/232333"}],"wp:featuredmedia":[{"embeddable":true,"href":"https:\/\/rnoticias.com.mx\/Portal\/wp-json\/wp\/v2\/media\/232332"}],"wp:attachment":[{"href":"https:\/\/rnoticias.com.mx\/Portal\/wp-json\/wp\/v2\/media?parent=232331"}],"wp:term":[{"taxonomy":"category","embeddable":true,"href":"https:\/\/rnoticias.com.mx\/Portal\/wp-json\/wp\/v2\/categories?post=232331"},{"taxonomy":"post_tag","embeddable":true,"href":"https:\/\/rnoticias.com.mx\/Portal\/wp-json\/wp\/v2\/tags?post=232331"}],"curies":[{"name":"wp","href":"https:\/\/api.w.org\/{rel}","templated":true}]}}