{"id":232262,"date":"2025-10-13T21:12:54","date_gmt":"2025-10-14T04:12:54","guid":{"rendered":"https:\/\/rnoticias.com.mx\/Portal\/?p=232262"},"modified":"2025-10-13T21:12:54","modified_gmt":"2025-10-14T04:12:54","slug":"reunion-entre-la-diputada-gabriela-tapia-fonllem-y-la-rectora-de-la-universidad-de-sonora","status":"publish","type":"post","link":"https:\/\/rnoticias.com.mx\/Portal\/2025\/10\/13\/reunion-entre-la-diputada-gabriela-tapia-fonllem-y-la-rectora-de-la-universidad-de-sonora\/","title":{"rendered":"Reuni\u00f3n entre la diputada Gabriela Tapia Fonllem y la rectora de la Universidad de Sonora"},"content":{"rendered":"<p>Hermosillo, Sonora; 13 de octubre de 2025.- Con el firme prop\u00f3sito de impulsar la educaci\u00f3n superior y fortalecer v\u00ednculos entre el Poder Legislativo y las instituciones acad\u00e9micas, la diputada del PRD Sonora, Ana Gabriela Tapia Fonllem, sostuvo una productiva reuni\u00f3n con la rectora de la Universidad de Sonora, Dena Camarena, en las oficinas de rector\u00eda de la m\u00e1xima casa de estudios.<\/p>\n<p>Durante el encuentro se abordaron diversos temas relacionados con la vida universitaria y los preparativos para los eventos conmemorativos del Aniversario de la Unison.<\/p>\n<p>Asimismo, la legisladora extendi\u00f3 una cordial invitaci\u00f3n a la rectora para acudir al Congreso del Estado, con el fin de exponer las actividades, proyectos y requerimientos presupuestales de la Universidad de Sonora para el ejercicio 2026.<\/p>\n<p>La diputada Tapia Fonllem destac\u00f3 la importancia de que las y los legisladores mantengan una comunicaci\u00f3n directa con las instituciones educativas, subrayando que \u201capostar por la Universidad de Sonora es apostar por el desarrollo, la innovaci\u00f3n y el futuro de nuestro estado\u201d, mencion\u00f3.<\/p>\n","protected":false},"excerpt":{"rendered":"<p>Hermosillo, Sonora; 13 de octubre de 2025.- Con el firme prop\u00f3sito de impulsar la educaci\u00f3n superior y fortalecer v\u00ednculos entre el Poder Legislativo y las instituciones acad\u00e9micas, la diputada del PRD Sonora, Ana Gabriela Tapia Fonllem, sostuvo una productiva reuni\u00f3n con la rectora de la Universidad de Sonora, Dena Camarena, en las oficinas de rector\u00eda [&hellip;]<\/p>\n","protected":false},"author":2,"featured_media":232263,"comment_status":"closed","ping_status":"closed","sticky":false,"template":"","format":"standard","meta":{"footnotes":""},"categories":[12870,12868],"tags":[12865,12879],"class_list":["post-232262","post","type-post","status-publish","format-standard","has-post-thumbnail","hentry","category-destacadas","category-politica","tag-destacadas","tag-politica"],"jetpack_featured_media_url":"https:\/\/rnoticias.com.mx\/Portal\/wp-content\/uploads\/2025\/10\/6e239a45-5173-42b4-a21e-71d3188eb9fb.jpeg","amp_enabled":true,"_links":{"self":[{"href":"https:\/\/rnoticias.com.mx\/Portal\/wp-json\/wp\/v2\/posts\/232262","targetHints":{"allow":["GET"]}}],"collection":[{"href":"https:\/\/rnoticias.com.mx\/Portal\/wp-json\/wp\/v2\/posts"}],"about":[{"href":"https:\/\/rnoticias.com.mx\/Portal\/wp-json\/wp\/v2\/types\/post"}],"author":[{"embeddable":true,"href":"https:\/\/rnoticias.com.mx\/Portal\/wp-json\/wp\/v2\/users\/2"}],"replies":[{"embeddable":true,"href":"https:\/\/rnoticias.com.mx\/Portal\/wp-json\/wp\/v2\/comments?post=232262"}],"version-history":[{"count":1,"href":"https:\/\/rnoticias.com.mx\/Portal\/wp-json\/wp\/v2\/posts\/232262\/revisions"}],"predecessor-version":[{"id":232264,"href":"https:\/\/rnoticias.com.mx\/Portal\/wp-json\/wp\/v2\/posts\/232262\/revisions\/232264"}],"wp:featuredmedia":[{"embeddable":true,"href":"https:\/\/rnoticias.com.mx\/Portal\/wp-json\/wp\/v2\/media\/232263"}],"wp:attachment":[{"href":"https:\/\/rnoticias.com.mx\/Portal\/wp-json\/wp\/v2\/media?parent=232262"}],"wp:term":[{"taxonomy":"category","embeddable":true,"href":"https:\/\/rnoticias.com.mx\/Portal\/wp-json\/wp\/v2\/categories?post=232262"},{"taxonomy":"post_tag","embeddable":true,"href":"https:\/\/rnoticias.com.mx\/Portal\/wp-json\/wp\/v2\/tags?post=232262"}],"curies":[{"name":"wp","href":"https:\/\/api.w.org\/{rel}","templated":true}]}}