{"id":232235,"date":"2025-10-13T20:39:50","date_gmt":"2025-10-14T03:39:50","guid":{"rendered":"https:\/\/rnoticias.com.mx\/Portal\/?p=232235"},"modified":"2025-10-13T20:39:50","modified_gmt":"2025-10-14T03:39:50","slug":"esto-dijo-el-abogado-de-belinda-tras-declaraciones-de-lupillo-rivera","status":"publish","type":"post","link":"https:\/\/rnoticias.com.mx\/Portal\/2025\/10\/13\/esto-dijo-el-abogado-de-belinda-tras-declaraciones-de-lupillo-rivera\/","title":{"rendered":"Esto dijo el abogado de Belinda tras declaraciones de Lupillo Rivera"},"content":{"rendered":"<p><mark><strong>Las declaraciones de Lupillo Rivera sobre su supuesta relaci\u00f3n con Belinda han derivado en un serio problema legal para el cantante.<\/strong><\/mark><\/p>\n<p>Hace unos d\u00edas trascendi\u00f3 que Belinda decidi\u00f3 tomar acciones legales y<strong>\u00a0acus\u00f3, formalmente, al hermano de Jenni Rivera por presunta violencia medi\u00e1tica y digital.<\/strong><\/p>\n<p><strong>La noticia se dio a conocer mediante un comunicado compartido por los abogados de &#8220;Beli&#8221;,<\/strong>\u00a0quienes ahora detallaron las razones por las que acudi\u00f3 a los tribunales.<\/p>\n<p>En entrevista para el programa &#8220;La Mesa Caliente&#8221;, el abogado Eduardo Osiel Garc\u00eda revel\u00f3 que fue la insistencia de Lupillo y<strong>\u00a0los comentarios que ha hecho en diversos espacios p\u00fablicos los que orillaron a Belinda a recurrir a las autoridades, pues siente que han vulnerado su intimidad.<\/strong><\/p>\n<p>&#8220;La motivaci\u00f3n se deriva de este &#8216;acoso&#8217; por parte del se\u00f1or Rivera.\u00a0<mark><strong>Por los comentarios que realiza en plataformas digitales, en las cuales se ha referido a mi representada de manera degenerativa&#8221;,\u00a0<\/strong><\/mark>dijo.<\/p>\n<p><strong>Asimismo, destac\u00f3 que en el libro de Rivera, &#8220;Tragos Amargos&#8221;, se utiliz\u00f3 el nombre y la imagen de la int\u00e9rprete sin su consentimiento<\/strong>, lo que constituye una violaci\u00f3n a sus derechos y su privacidad.<\/p>\n<p>Sin embargo, lo que m\u00e1s preocupa a la artista es la afirmaci\u00f3n de una supuesta relaci\u00f3n sentimental\u00a0<strong>(la cual Belinda niega tajantemente) y la publicaci\u00f3n de una fotograf\u00eda.<\/strong><\/p>\n<p><strong>&#8220;Existe una imagen. Ellos realizaron una videollamada por FaceTime y en una de las p\u00e1ginas del libro se ve d\u00f3nde est\u00e1 violentando la intimidad de mi representada<\/strong>, lo cual el se\u00f1or Lupillo no tiene derecho&#8221;.<\/p>\n<p>Finalmente, Garc\u00eda habl\u00f3 sobre las medidas de protecci\u00f3n que la Fiscal\u00eda de la CDMX<mark><strong>\u00a0concedi\u00f3 a la tambi\u00e9n actriz y que, de no llevarse a cabo, podr\u00edan llevar al arresto de Rivera:<\/strong><\/mark><\/p>\n<p><strong>&#8220;La ley establece diversos medios de apremio, que son sanciones que puede realizar el agente del Ministerio P\u00fablico, entre ellas, incluso, el arresto hasta por 36 horas&#8221;,\u00a0<\/strong>destac\u00f3.<\/p>\n<p><strong>El caso contin\u00faa abierto y, hasta el momento, ni Belinda ni Lupillo han hecho declaraciones al respecto.<\/strong><\/p>\n","protected":false},"excerpt":{"rendered":"<p>Las declaraciones de Lupillo Rivera sobre su supuesta relaci\u00f3n con Belinda han derivado en un serio problema legal para el cantante. Hace unos d\u00edas trascendi\u00f3 que Belinda decidi\u00f3 tomar acciones legales y\u00a0acus\u00f3, formalmente, al hermano de Jenni Rivera por presunta violencia medi\u00e1tica y digital. La noticia se dio a conocer mediante un comunicado compartido por [&hellip;]<\/p>\n","protected":false},"author":2,"featured_media":232236,"comment_status":"closed","ping_status":"closed","sticky":false,"template":"","format":"standard","meta":{"footnotes":""},"categories":[12870,219],"tags":[12865,12875],"class_list":["post-232235","post","type-post","status-publish","format-standard","has-post-thumbnail","hentry","category-destacadas","category-espectaculos","tag-destacadas","tag-espectaculos"],"jetpack_featured_media_url":"https:\/\/rnoticias.com.mx\/Portal\/wp-content\/uploads\/2025\/10\/belinda-lupillo-10102025.jpg","amp_enabled":true,"_links":{"self":[{"href":"https:\/\/rnoticias.com.mx\/Portal\/wp-json\/wp\/v2\/posts\/232235","targetHints":{"allow":["GET"]}}],"collection":[{"href":"https:\/\/rnoticias.com.mx\/Portal\/wp-json\/wp\/v2\/posts"}],"about":[{"href":"https:\/\/rnoticias.com.mx\/Portal\/wp-json\/wp\/v2\/types\/post"}],"author":[{"embeddable":true,"href":"https:\/\/rnoticias.com.mx\/Portal\/wp-json\/wp\/v2\/users\/2"}],"replies":[{"embeddable":true,"href":"https:\/\/rnoticias.com.mx\/Portal\/wp-json\/wp\/v2\/comments?post=232235"}],"version-history":[{"count":1,"href":"https:\/\/rnoticias.com.mx\/Portal\/wp-json\/wp\/v2\/posts\/232235\/revisions"}],"predecessor-version":[{"id":232237,"href":"https:\/\/rnoticias.com.mx\/Portal\/wp-json\/wp\/v2\/posts\/232235\/revisions\/232237"}],"wp:featuredmedia":[{"embeddable":true,"href":"https:\/\/rnoticias.com.mx\/Portal\/wp-json\/wp\/v2\/media\/232236"}],"wp:attachment":[{"href":"https:\/\/rnoticias.com.mx\/Portal\/wp-json\/wp\/v2\/media?parent=232235"}],"wp:term":[{"taxonomy":"category","embeddable":true,"href":"https:\/\/rnoticias.com.mx\/Portal\/wp-json\/wp\/v2\/categories?post=232235"},{"taxonomy":"post_tag","embeddable":true,"href":"https:\/\/rnoticias.com.mx\/Portal\/wp-json\/wp\/v2\/tags?post=232235"}],"curies":[{"name":"wp","href":"https:\/\/api.w.org\/{rel}","templated":true}]}}