{"id":232229,"date":"2025-10-13T20:31:15","date_gmt":"2025-10-14T03:31:15","guid":{"rendered":"https:\/\/rnoticias.com.mx\/Portal\/?p=232229"},"modified":"2025-10-13T20:31:15","modified_gmt":"2025-10-14T03:31:15","slug":"abogado-es-asesinado-a-tiros-frente-a-ciudad-judicial-en-cdmx","status":"publish","type":"post","link":"https:\/\/rnoticias.com.mx\/Portal\/2025\/10\/13\/abogado-es-asesinado-a-tiros-frente-a-ciudad-judicial-en-cdmx\/","title":{"rendered":"Abogado es asesinado a tiros frente a Ciudad Judicial en CDMX"},"content":{"rendered":"<p>La tarde de este lunes, el abogado Cohen Sacal, de 45 a\u00f1os de edad, fue asesinado a balazos frente a las instalaciones de Ciudad Judicial, ubicadas en la colonia Doctores, alcald\u00eda Cuauht\u00e9moc, en la Ciudad de M\u00e9xico<strong>. El ataque, ocurrido a plena luz del d\u00eda, desat\u00f3 una intensa movilizaci\u00f3n de elementos\u00a0policiacos\u00a0y ministeriales en la zona.<\/strong><\/p>\n<p>De acuerdo con los primeros reportes, la v\u00edctima caminaba sobre la avenida Ni\u00f1os H\u00e9roes, en la esquina con Doctor Claudio Bernard, cuando un sujeto se le acerc\u00f3 y, sin mediar palabra, le dispar\u00f3 a quemarropa, provoc\u00e1ndole una lesi\u00f3n en la cabeza que result\u00f3 mortal.<\/p>\n<p>La Secretar\u00eda de Seguridad Ciudadana\u00a0<strong>(SSC)\u00a0<\/strong>inform\u00f3 que el presunto agresor es un joven de 17 a\u00f1os, quien intent\u00f3 huir tras el ataque. Sin embargo, un elemento de la Polic\u00eda de Investigaci\u00f3n<strong>\u00a0(PDI)<\/strong>\u00a0que se encontraba en las inmediaciones \u201cse percat\u00f3 de lo ocurrido (y) repeli\u00f3 la agresi\u00f3n, lo que provoc\u00f3 que el probable responsable resultara herido por lo que, bajo resguardo policial, fue trasladado a un nosocomio\u201d, indic\u00f3 la SSC en un comunicado.<\/p>\n<p>El agresor recibi\u00f3 un disparo en el brazo y permanece bajo custodia m\u00e9dica. La SSC tambi\u00e9n report\u00f3 que agentes de la PDI aseguraron<strong>\u00a0\u201cuna motocicleta y el arma del posible agresor\u201d.<\/strong><\/p>\n<p>Las autoridades est\u00e1n revisando las grabaciones de c\u00e1maras de videovigilancia para esclarecer los hechos y determinar si hubo m\u00e1s personas involucradas.<\/p>\n","protected":false},"excerpt":{"rendered":"<p>La tarde de este lunes, el abogado Cohen Sacal, de 45 a\u00f1os de edad, fue asesinado a balazos frente a las instalaciones de Ciudad Judicial, ubicadas en la colonia Doctores, alcald\u00eda Cuauht\u00e9moc, en la Ciudad de M\u00e9xico. El ataque, ocurrido a plena luz del d\u00eda, desat\u00f3 una intensa movilizaci\u00f3n de elementos\u00a0policiacos\u00a0y ministeriales en la zona. [&hellip;]<\/p>\n","protected":false},"author":2,"featured_media":232230,"comment_status":"closed","ping_status":"closed","sticky":false,"template":"","format":"standard","meta":{"footnotes":""},"categories":[12870,172],"tags":[12865,12874],"class_list":["post-232229","post","type-post","status-publish","format-standard","has-post-thumbnail","hentry","category-destacadas","category-nacional","tag-destacadas","tag-nacional"],"jetpack_featured_media_url":"https:\/\/rnoticias.com.mx\/Portal\/wp-content\/uploads\/2025\/10\/david-cohen.webp","amp_enabled":true,"_links":{"self":[{"href":"https:\/\/rnoticias.com.mx\/Portal\/wp-json\/wp\/v2\/posts\/232229","targetHints":{"allow":["GET"]}}],"collection":[{"href":"https:\/\/rnoticias.com.mx\/Portal\/wp-json\/wp\/v2\/posts"}],"about":[{"href":"https:\/\/rnoticias.com.mx\/Portal\/wp-json\/wp\/v2\/types\/post"}],"author":[{"embeddable":true,"href":"https:\/\/rnoticias.com.mx\/Portal\/wp-json\/wp\/v2\/users\/2"}],"replies":[{"embeddable":true,"href":"https:\/\/rnoticias.com.mx\/Portal\/wp-json\/wp\/v2\/comments?post=232229"}],"version-history":[{"count":1,"href":"https:\/\/rnoticias.com.mx\/Portal\/wp-json\/wp\/v2\/posts\/232229\/revisions"}],"predecessor-version":[{"id":232231,"href":"https:\/\/rnoticias.com.mx\/Portal\/wp-json\/wp\/v2\/posts\/232229\/revisions\/232231"}],"wp:featuredmedia":[{"embeddable":true,"href":"https:\/\/rnoticias.com.mx\/Portal\/wp-json\/wp\/v2\/media\/232230"}],"wp:attachment":[{"href":"https:\/\/rnoticias.com.mx\/Portal\/wp-json\/wp\/v2\/media?parent=232229"}],"wp:term":[{"taxonomy":"category","embeddable":true,"href":"https:\/\/rnoticias.com.mx\/Portal\/wp-json\/wp\/v2\/categories?post=232229"},{"taxonomy":"post_tag","embeddable":true,"href":"https:\/\/rnoticias.com.mx\/Portal\/wp-json\/wp\/v2\/tags?post=232229"}],"curies":[{"name":"wp","href":"https:\/\/api.w.org\/{rel}","templated":true}]}}