{"id":232226,"date":"2025-10-13T20:29:19","date_gmt":"2025-10-14T03:29:19","guid":{"rendered":"https:\/\/rnoticias.com.mx\/Portal\/?p=232226"},"modified":"2025-10-13T20:29:19","modified_gmt":"2025-10-14T03:29:19","slug":"ine-resuelve-improcedente-medida-cautelar-en-el-marco-del-primer-informe-de-gobierno-2024-2025","status":"publish","type":"post","link":"https:\/\/rnoticias.com.mx\/Portal\/2025\/10\/13\/ine-resuelve-improcedente-medida-cautelar-en-el-marco-del-primer-informe-de-gobierno-2024-2025\/","title":{"rendered":"INE resuelve improcedente medida cautelar en el marco del Primer Informe de Gobierno 2024-2025"},"content":{"rendered":"<p class=\"x_MsoNormal\"><span data-olk-copy-source=\"MessageBody\">La Comisi\u00f3n de Quejas y Denuncias del Instituto Nacional Electoral (INE) conoci\u00f3 de las medidas cautelares solicitadas por una persona legisladora, en contra de la Presidencia de la Rep\u00fablica por presunta promoci\u00f3n personalizada, difusi\u00f3n del informe de labores fuera de los plazos y uso indebido de recursos p\u00fablicos; lo anterior, derivado de la celebraci\u00f3n de un evento en el Z\u00f3calo de la Ciudad de M\u00e9xico el pasado 5 de octubre de 2025, as\u00ed como por posibles eventos futuros que seg\u00fan su dicho, se encuentran relacionados con el Primer Informe de Gobierno 2024-2025.<\/span><\/p>\n<p class=\"x_MsoNormal\">\n<p class=\"x_MsoNormal\">Las personas integrantes de la Comisi\u00f3n concluyeron que, al momento en que se celebr\u00f3 la sesi\u00f3n, el evento realizado en el Z\u00f3calo capitalino constituye un acto consumado de manera irreparable, por lo cual resulta improcedente el dictado de la medida cautelar solicitada.<\/p>\n<p class=\"x_MsoNormal\">\n<p class=\"x_MsoNormal\"><span lang=\"ES\">En cuanto a la solicitud de medidas cautelares por posibles eventos a celebrarse en otras entidades federativas (tutela preventiva), se determin\u00f3 que ordenar su suspensi\u00f3n tambi\u00e9n es improcedente, toda vez que se trata de hechos futuros de realizaci\u00f3n incierta.<\/span><\/p>\n<p class=\"x_MsoNormal\"><span lang=\"ES\">\u00a0<\/span><\/p>\n<p class=\"x_MsoNormal\"><span lang=\"ES\">Finalmente, respecto a que los hechos denunciados podr\u00edan tratarse de uso indebido de recursos p\u00fablicos, se decidi\u00f3 que es un tema que tendr\u00e1 que resolver en el fondo la<\/span>\u00a0Sala Superior del Tribunal Electoral del Poder Judicial de la Federaci\u00f3n (TEPJF).<\/p>\n","protected":false},"excerpt":{"rendered":"<p>La Comisi\u00f3n de Quejas y Denuncias del Instituto Nacional Electoral (INE) conoci\u00f3 de las medidas cautelares solicitadas por una persona legisladora, en contra de la Presidencia de la Rep\u00fablica por presunta promoci\u00f3n personalizada, difusi\u00f3n del informe de labores fuera de los plazos y uso indebido de recursos p\u00fablicos; lo anterior, derivado de la celebraci\u00f3n de [&hellip;]<\/p>\n","protected":false},"author":2,"featured_media":232227,"comment_status":"closed","ping_status":"closed","sticky":false,"template":"","format":"standard","meta":{"footnotes":""},"categories":[12870,12868],"tags":[12865,12879],"class_list":["post-232226","post","type-post","status-publish","format-standard","has-post-thumbnail","hentry","category-destacadas","category-politica","tag-destacadas","tag-politica"],"jetpack_featured_media_url":"https:\/\/rnoticias.com.mx\/Portal\/wp-content\/uploads\/2025\/10\/card_ine_inicio.jpg","amp_enabled":true,"_links":{"self":[{"href":"https:\/\/rnoticias.com.mx\/Portal\/wp-json\/wp\/v2\/posts\/232226","targetHints":{"allow":["GET"]}}],"collection":[{"href":"https:\/\/rnoticias.com.mx\/Portal\/wp-json\/wp\/v2\/posts"}],"about":[{"href":"https:\/\/rnoticias.com.mx\/Portal\/wp-json\/wp\/v2\/types\/post"}],"author":[{"embeddable":true,"href":"https:\/\/rnoticias.com.mx\/Portal\/wp-json\/wp\/v2\/users\/2"}],"replies":[{"embeddable":true,"href":"https:\/\/rnoticias.com.mx\/Portal\/wp-json\/wp\/v2\/comments?post=232226"}],"version-history":[{"count":1,"href":"https:\/\/rnoticias.com.mx\/Portal\/wp-json\/wp\/v2\/posts\/232226\/revisions"}],"predecessor-version":[{"id":232228,"href":"https:\/\/rnoticias.com.mx\/Portal\/wp-json\/wp\/v2\/posts\/232226\/revisions\/232228"}],"wp:featuredmedia":[{"embeddable":true,"href":"https:\/\/rnoticias.com.mx\/Portal\/wp-json\/wp\/v2\/media\/232227"}],"wp:attachment":[{"href":"https:\/\/rnoticias.com.mx\/Portal\/wp-json\/wp\/v2\/media?parent=232226"}],"wp:term":[{"taxonomy":"category","embeddable":true,"href":"https:\/\/rnoticias.com.mx\/Portal\/wp-json\/wp\/v2\/categories?post=232226"},{"taxonomy":"post_tag","embeddable":true,"href":"https:\/\/rnoticias.com.mx\/Portal\/wp-json\/wp\/v2\/tags?post=232226"}],"curies":[{"name":"wp","href":"https:\/\/api.w.org\/{rel}","templated":true}]}}