{"id":232220,"date":"2025-10-13T20:20:54","date_gmt":"2025-10-14T03:20:54","guid":{"rendered":"https:\/\/rnoticias.com.mx\/Portal\/?p=232220"},"modified":"2025-10-13T20:20:54","modified_gmt":"2025-10-14T03:20:54","slug":"lanza-ihj-convocatoria-para-formar-parte-del-cabildo-juvenil-2025-2026","status":"publish","type":"post","link":"https:\/\/rnoticias.com.mx\/Portal\/2025\/10\/13\/lanza-ihj-convocatoria-para-formar-parte-del-cabildo-juvenil-2025-2026\/","title":{"rendered":"Lanza IHJ convocatoria para formar parte del Cabildo Juvenil 2025-2026"},"content":{"rendered":"<p><b data-olk-copy-source=\"MessageBody\">Hermosillo, Sonora; 13 de octubre, 2025.-\u00a0<\/b>El H. Ayuntamiento de Hermosillo, a trav\u00e9s del Instituto Municipal de la Juventud de Hermosillo (IHJ), invita a las y los j\u00f3venes del municipio a participar en la formaci\u00f3n del Cabildo Juvenil 2025- 2026, cuya convocatoria queda abierta desde este 14 de octubre.<\/p>\n<p aria-hidden=\"true\">\n<p>El director del IHJ, Francisco Villaescusa, dijo que pueden participar j\u00f3venes de 15 a 29 a\u00f1os que tengan alg\u00fan inter\u00e9s en representar a las y los dem\u00e1s j\u00f3venes de la ciudad para llevar sus ideas y sus acciones a pol\u00edticas p\u00fablicas.<\/p>\n<p aria-hidden=\"true\">\n<p>\u201cPara invitar a todas y todos los j\u00f3venes que quieran ser parte del Cabildo juvenil, una iniciativa que nace de la administraci\u00f3n del presidente municipal, para que las y los j\u00f3venes tengan voz y puedan dar sus opiniones para luego llevarlo a pol\u00edticas p\u00fablicas con las causas que les mueven\u201d, expres\u00f3.<\/p>\n<p aria-hidden=\"true\">\n<p>Mencion\u00f3 que el programa de transporte el\u00e9ctrico gratuito para universitarios H Bus naci\u00f3 del Cabildo Juvenil como una propuesta de los j\u00f3venes con una necesidad para ellos que era el transporte p\u00fablico, pol\u00edticas p\u00fablicas como esas son las que se pretenden llevar a que el Ayuntamiento o el Cabildo tome decisiones sobre ellas.<\/p>\n<p aria-hidden=\"true\">\n<p>Las y los participantes deber\u00e1n desarrollar un video con una duraci\u00f3n m\u00e1xima de 3<\/p>\n<p>minutos sobre su propuesta o iniciativa para impulsar cambios positivos en el municipio<\/p>\n<p>de Hermosillo, con uno de los siguientes temas a elegir: Salud Mental y Bienestar; Medio Ambiente y Cambio Clim\u00e1tico; Diversidad, Inclusi\u00f3n y Derechos Humanos; Seguridad y Prevenci\u00f3n; Educaci\u00f3n y Capacitaci\u00f3n Juvenil; y Empleo y Emprendimiento.<\/p>\n<p aria-hidden=\"true\">\n<p>El video deber\u00e1 subirse a la plataforma YouTube en modo p\u00fablico, incluyendo en la descripci\u00f3n los hashtags: #CabildoJuvenil2025-2026, #InstitutoHermosillensedelaJuventud y #J\u00d3VENESH. Anexar las redes sociales (Instagram, Facebook, TikTok y X) de la persona aspirante.<\/p>\n<p aria-hidden=\"true\">\n<p>Podr\u00e1n participar las y los j\u00f3venes originarios del municipio de Hermosillo o que radiquen en \u00e9l, por lo menos con un a\u00f1o de antelaci\u00f3n a la presente convocatoria p\u00fablica;<\/p>\n<p>No haber formado parte del Gabinete de Cabildo Juvenil anteriormente; y no ser funcionaria o funcionario del H. Ayuntamiento de Hermosillo en la presente administraci\u00f3n 2024-2027.<\/p>\n<p aria-hidden=\"true\">\n<p>Las y los j\u00f3venes interesados en formar parte del Cabildo Juvenil 2025-2026, podr\u00e1n realizar su registro a partir de la publicaci\u00f3n de la presente convocatoria p\u00fablica, a trav\u00e9s del enlace https:\/\/bit.ly\/RegistroCabildoJuvenil2025-2026, mismo que se encuentra en las redes sociales oficiales del Instituto Hermosillense de la Juventud y en el portal https:\/\/www.hermosillo.gob.mx\/. El cierre oficial de registro a esta convocatoria p\u00fablica ser\u00e1 el 9 de noviembre del 2025 a las 23:59 horas.<\/p>\n<p>La comisi\u00f3n de Recreaci\u00f3n, Deporte y Atenci\u00f3n a la Juventud del H. Ayuntamiento de Hermosillo y el titular del Instituto Municipal de la Juventud de Hermosillo, ser\u00e1 el jurado calificador que se encargar\u00e1 de deliberar a las y los finalistas calificando sus videos, del 11 al 15 de noviembre.<\/p>\n<p aria-hidden=\"true\">\n<p>Se determinar\u00e1n las posiciones de Alcalde o Alcaldesa, S\u00edndico o S\u00edndica Municipal, Secretario o Secretaria del Ayuntamiento y 21 regidur\u00edas incluyendo regidora o regidor \u00e9tnico de acuerdo a la puntuaci\u00f3n que las y los regidores integrantes de la Comisi\u00f3n de Recreaci\u00f3n, Deporte y Atenci\u00f3n a la Juventud del H. Ayuntamiento de Hermosillo y el titular del Instituto Municipal de la Juventud de Hermosillo determinen al evaluar a las y los participantes, siendo el mayor puntaje quien ocupe el cargo de Alcalde o Alcaldesa y los dem\u00e1s de forma sucesiva, de tal manera que se termine de conformar el Cabildo Juvenil 2025-2026 del Municipio de Hermosillo.<\/p>\n<p aria-hidden=\"true\">\n<p>La toma de protesta se realizar\u00e1 en la sede y fecha que designe el Instituto Hermosillense de la Juventud, para lo cual se notificar\u00e1 a las y los j\u00f3venes seleccionados por medio de llamada telef\u00f3nica o mensaje de WhatsApp, del 18 al 21 de noviembre del 2025.<\/p>\n<p><b>\u00a0<\/b><\/p>\n<p><b>Deber\u00e1n contar con la siguiente documentaci\u00f3n:<\/b><\/p>\n<p>I. Identificaci\u00f3n oficial vigente. En caso de ser menor de edad, se requerir\u00e1 una identificaci\u00f3n escolar o pasaporte vigente del o la postulante, as\u00ed como una identificaci\u00f3n oficial del padre, madre o tutor(a), acompa\u00f1ada de una carta de autorizaci\u00f3n para la participaci\u00f3n del menor;<\/p>\n<p aria-hidden=\"true\">\n<p>II. Curr\u00edculum Vitae actualizado;<\/p>\n<p aria-hidden=\"true\">\n<p>III. Comprobante de domicilio con antig\u00fcedad no mayor a tres meses;<\/p>\n<p aria-hidden=\"true\">\n<p>IV. Acta de nacimiento o carta de naturalizaci\u00f3n;<\/p>\n<p aria-hidden=\"true\">\n<p>V. Carta de protesta de decir verdad sobre la veracidad de la informaci\u00f3n y documentaci\u00f3n expuesta en el registro de la persona participante.<\/p>\n","protected":false},"excerpt":{"rendered":"<p>Hermosillo, Sonora; 13 de octubre, 2025.-\u00a0El H. Ayuntamiento de Hermosillo, a trav\u00e9s del Instituto Municipal de la Juventud de Hermosillo (IHJ), invita a las y los j\u00f3venes del municipio a participar en la formaci\u00f3n del Cabildo Juvenil 2025- 2026, cuya convocatoria queda abierta desde este 14 de octubre. El director del IHJ, Francisco Villaescusa, dijo [&hellip;]<\/p>\n","protected":false},"author":2,"featured_media":232221,"comment_status":"closed","ping_status":"closed","sticky":false,"template":"","format":"standard","meta":{"footnotes":""},"categories":[12870,178],"tags":[12865,12869],"class_list":["post-232220","post","type-post","status-publish","format-standard","has-post-thumbnail","hentry","category-destacadas","category-local","tag-destacadas","tag-local"],"jetpack_featured_media_url":"https:\/\/rnoticias.com.mx\/Portal\/wp-content\/uploads\/2025\/10\/descarga-3.png","amp_enabled":true,"_links":{"self":[{"href":"https:\/\/rnoticias.com.mx\/Portal\/wp-json\/wp\/v2\/posts\/232220","targetHints":{"allow":["GET"]}}],"collection":[{"href":"https:\/\/rnoticias.com.mx\/Portal\/wp-json\/wp\/v2\/posts"}],"about":[{"href":"https:\/\/rnoticias.com.mx\/Portal\/wp-json\/wp\/v2\/types\/post"}],"author":[{"embeddable":true,"href":"https:\/\/rnoticias.com.mx\/Portal\/wp-json\/wp\/v2\/users\/2"}],"replies":[{"embeddable":true,"href":"https:\/\/rnoticias.com.mx\/Portal\/wp-json\/wp\/v2\/comments?post=232220"}],"version-history":[{"count":1,"href":"https:\/\/rnoticias.com.mx\/Portal\/wp-json\/wp\/v2\/posts\/232220\/revisions"}],"predecessor-version":[{"id":232222,"href":"https:\/\/rnoticias.com.mx\/Portal\/wp-json\/wp\/v2\/posts\/232220\/revisions\/232222"}],"wp:featuredmedia":[{"embeddable":true,"href":"https:\/\/rnoticias.com.mx\/Portal\/wp-json\/wp\/v2\/media\/232221"}],"wp:attachment":[{"href":"https:\/\/rnoticias.com.mx\/Portal\/wp-json\/wp\/v2\/media?parent=232220"}],"wp:term":[{"taxonomy":"category","embeddable":true,"href":"https:\/\/rnoticias.com.mx\/Portal\/wp-json\/wp\/v2\/categories?post=232220"},{"taxonomy":"post_tag","embeddable":true,"href":"https:\/\/rnoticias.com.mx\/Portal\/wp-json\/wp\/v2\/tags?post=232220"}],"curies":[{"name":"wp","href":"https:\/\/api.w.org\/{rel}","templated":true}]}}