{"id":232192,"date":"2025-10-13T15:22:19","date_gmt":"2025-10-13T22:22:19","guid":{"rendered":"https:\/\/rnoticias.com.mx\/Portal\/?p=232192"},"modified":"2025-10-13T15:22:19","modified_gmt":"2025-10-13T22:22:19","slug":"todo-listo-para-el-cuarto-foro-mundial-de-energia-solar-de-hermosillo-con-participacion-de-steve-wozniak-cofundador-de-apple","status":"publish","type":"post","link":"https:\/\/rnoticias.com.mx\/Portal\/2025\/10\/13\/todo-listo-para-el-cuarto-foro-mundial-de-energia-solar-de-hermosillo-con-participacion-de-steve-wozniak-cofundador-de-apple\/","title":{"rendered":"Todo listo para el Cuarto Foro Mundial de Energ\u00eda Solar de Hermosillo con participaci\u00f3n de Steve Wozniak, cofundador de Apple"},"content":{"rendered":"<p>Hermosillo, Sonora; 13 de octubre de 2025.- El Gobierno Municipal que encabeza Antonio Astiazar\u00e1n Guti\u00e9rrez afina los \u00faltimos detalles de la que ser\u00e1 la cuarta edici\u00f3n del Foro Mundial de Energ\u00eda Solar de Hermosillo, cuya agenda de 2 d\u00edas incluye la participaci\u00f3n de conferencistas de primer nivel, paneles, encuentros de negocios y el debut del Climathon, inform\u00f3 Carla Neudert C\u00f3rdova.<\/p>\n<p>La directora de la Agencia Municipal de Energ\u00eda y Cambio Clim\u00e1tico (AMECC), destac\u00f3 como parte del programa que Steve Wozniak, cofundador de Apple y creador de la primera computadora personal en el mundo y Antonio Astiazar\u00e1n sostendr\u00e1n una charla de las 9:30 a las 10:30 horas, el 15 de octubre.<\/p>\n<p>Coment\u00f3 que se espera la asistencia de m\u00e1s de 2 mil personas, as\u00ed como la participaci\u00f3n de m\u00e1s de 70 estudiantes en el reto de innovaci\u00f3n Climathon, en el que los participantes tendr\u00e1n oportunidad de proponer soluciones creativas frente a los desaf\u00edos del cambio clim\u00e1tico.<\/p>\n<p>Se refiri\u00f3 al Foro Mundial de Energ\u00eda Solar 2025 como una valiosa oportunidad de reflexi\u00f3n y aprendizaje que concentrar\u00e1 en un mismo lugar a las m\u00e1s brillantes y visionarias mentes en temas como energ\u00eda solar, movilidad el\u00e9ctrica, urbanismo verde, innovaci\u00f3n tecnol\u00f3gica y cambio clim\u00e1tico, provenientes de al menos 15 pa\u00edses.<\/p>\n<p>Este foro confirma el inter\u00e9s del Gobierno Municipal que preside Antonio Astiazar\u00e1n de crear alianzas con empresas, academia, estudiantes y comunidad en general en torno al objetivo de proponer nuevas soluciones a viejos problemas, asegur\u00f3 la directora de la AMECC.<\/p>\n<p>Las personas interesadas en asistir a\u00fan tienen oportunidad de registrarse y obtener sus carnets a trav\u00e9s de la p\u00e1gina https:\/\/foroenergiahmo.com, finaliz\u00f3.<\/p>\n","protected":false},"excerpt":{"rendered":"<p>Hermosillo, Sonora; 13 de octubre de 2025.- El Gobierno Municipal que encabeza Antonio Astiazar\u00e1n Guti\u00e9rrez afina los \u00faltimos detalles de la que ser\u00e1 la cuarta edici\u00f3n del Foro Mundial de Energ\u00eda Solar de Hermosillo, cuya agenda de 2 d\u00edas incluye la participaci\u00f3n de conferencistas de primer nivel, paneles, encuentros de negocios y el debut del [&hellip;]<\/p>\n","protected":false},"author":2,"featured_media":232193,"comment_status":"closed","ping_status":"closed","sticky":false,"template":"","format":"standard","meta":{"footnotes":""},"categories":[12870,178],"tags":[12865,12869],"class_list":["post-232192","post","type-post","status-publish","format-standard","has-post-thumbnail","hentry","category-destacadas","category-local","tag-destacadas","tag-local"],"jetpack_featured_media_url":"https:\/\/rnoticias.com.mx\/Portal\/wp-content\/uploads\/2025\/10\/91042899-5f40-435e-9a01-5666393ec447.jpeg","amp_enabled":true,"_links":{"self":[{"href":"https:\/\/rnoticias.com.mx\/Portal\/wp-json\/wp\/v2\/posts\/232192","targetHints":{"allow":["GET"]}}],"collection":[{"href":"https:\/\/rnoticias.com.mx\/Portal\/wp-json\/wp\/v2\/posts"}],"about":[{"href":"https:\/\/rnoticias.com.mx\/Portal\/wp-json\/wp\/v2\/types\/post"}],"author":[{"embeddable":true,"href":"https:\/\/rnoticias.com.mx\/Portal\/wp-json\/wp\/v2\/users\/2"}],"replies":[{"embeddable":true,"href":"https:\/\/rnoticias.com.mx\/Portal\/wp-json\/wp\/v2\/comments?post=232192"}],"version-history":[{"count":1,"href":"https:\/\/rnoticias.com.mx\/Portal\/wp-json\/wp\/v2\/posts\/232192\/revisions"}],"predecessor-version":[{"id":232194,"href":"https:\/\/rnoticias.com.mx\/Portal\/wp-json\/wp\/v2\/posts\/232192\/revisions\/232194"}],"wp:featuredmedia":[{"embeddable":true,"href":"https:\/\/rnoticias.com.mx\/Portal\/wp-json\/wp\/v2\/media\/232193"}],"wp:attachment":[{"href":"https:\/\/rnoticias.com.mx\/Portal\/wp-json\/wp\/v2\/media?parent=232192"}],"wp:term":[{"taxonomy":"category","embeddable":true,"href":"https:\/\/rnoticias.com.mx\/Portal\/wp-json\/wp\/v2\/categories?post=232192"},{"taxonomy":"post_tag","embeddable":true,"href":"https:\/\/rnoticias.com.mx\/Portal\/wp-json\/wp\/v2\/tags?post=232192"}],"curies":[{"name":"wp","href":"https:\/\/api.w.org\/{rel}","templated":true}]}}