{"id":232136,"date":"2025-10-11T16:54:13","date_gmt":"2025-10-11T23:54:13","guid":{"rendered":"https:\/\/rnoticias.com.mx\/Portal\/?p=232136"},"modified":"2025-10-11T16:54:13","modified_gmt":"2025-10-11T23:54:13","slug":"mexico-se-queda-con-medalla-de-plata-en-panamericano-u18-de-softbol-varonil","status":"publish","type":"post","link":"https:\/\/rnoticias.com.mx\/Portal\/2025\/10\/11\/mexico-se-queda-con-medalla-de-plata-en-panamericano-u18-de-softbol-varonil\/","title":{"rendered":"M\u00e9xico se queda con medalla de plata en Panamericano U18 de Softbol Varonil"},"content":{"rendered":"<p>Hermosillo, Sonora, 11 de octubre del 2025.- La selecci\u00f3n mexicana de softbol varonil U18, que cont\u00f3 con seis jugadores sonorenses, concluy\u00f3 como subcampeona en el Campeonato Panamericano de la categor\u00eda que se celebr\u00f3 en Bah\u00eda Blanca, Argentina, en donde, adem\u00e1s, asegur\u00f3 su estancia en el pr\u00f3ximo Mundial.<\/p>\n<p>En el encuentro celebrado la noche del viernes, M\u00e9xico cay\u00f3 en la final 6-0 ante el pa\u00eds anfitri\u00f3n para culminar con la medalla de plata en ese certamen continental en el que Canad\u00e1 termin\u00f3 colg\u00e1ndose el bronce, tras vencer 7-6 a Venezuela, en la disputa del tercer puesto.<\/p>\n<p>&nbsp;<\/p>\n<p>Horas antes el \u201cTricolor\u201d derrot\u00f3 por marcador id\u00e9ntico de 6-0 a los mismos argentinos, para quedarse como l\u00edder del rol regular, de tal forma, seg\u00fan el sistema de juego, ambos equipos, al terminar 1 y 2 en el standing, deber\u00edan enfrentarse para definir al monarca del torneo.<\/p>\n<p>La final estaba programada para el s\u00e1bado, sin embargo, debido a las posibilidades de lluvia, el Comit\u00e9 Organizador adelant\u00f3 el juego por el t\u00edtulo, en donde los argentinos se alzaron con el cetro gracias a herm\u00e9tico pitcheo de Cristian Orzi, quien dej\u00f3 a los mexicanos en un solo imparable; en las siete entradas abanic\u00f3 a diez y no regal\u00f3 pasaportes. A la ofensiva Mat\u00edas Clava se fue de 4-2 con una remolcada y una anotada.<\/p>\n<p>El lanzador sonorense Jos\u00e9 Manuel Contreras (termin\u00f3 con n\u00fameros de 3-2 y 3.16) sufri\u00f3 el rev\u00e9s tras aceptar cinco carreras \u2013una sucia- y dos hits en 3.1 innings, siendo relevado por el tambi\u00e9n originario de Sonora, Omar Luna (0-0 y 0.78), quien tir\u00f3 las tres entradas y dos tercios restantes para una anotaci\u00f3n.<\/p>\n<p>De los cuatro jugadores de posici\u00f3n sonorenses, dos vieron acci\u00f3n: Rub\u00e9n Borb\u00f3n (.389 y 5 producidas) e Iv\u00e1n Guti\u00e9rrez (.100), cabe destacar que cada uno fall\u00f3 en dos turnos. Por su parte, Andr\u00e9s Z\u00e1rate (.273 con 1 jonr\u00f3n y 3 remolcadas) y Sergio Celaya (.100) no alinearon en el desaf\u00edo final.<\/p>\n<p>En total M\u00e9xico termin\u00f3 con marca global de 4-2 en ganados y perdidos, siendo sus victorias en contra de Guatemala (11-1), Venezuela (8-1), Per\u00fa (17-0) y Argentina (6-0), mientras que perdi\u00f3 ante Canad\u00e1 (10-8) y los anfitriones (6-0).<\/p>\n","protected":false},"excerpt":{"rendered":"<p>Hermosillo, Sonora, 11 de octubre del 2025.- La selecci\u00f3n mexicana de softbol varonil U18, que cont\u00f3 con seis jugadores sonorenses, concluy\u00f3 como subcampeona en el Campeonato Panamericano de la categor\u00eda que se celebr\u00f3 en Bah\u00eda Blanca, Argentina, en donde, adem\u00e1s, asegur\u00f3 su estancia en el pr\u00f3ximo Mundial. En el encuentro celebrado la noche del viernes, [&hellip;]<\/p>\n","protected":false},"author":2,"featured_media":232137,"comment_status":"closed","ping_status":"closed","sticky":false,"template":"","format":"standard","meta":{"footnotes":""},"categories":[188],"tags":[5231],"class_list":["post-232136","post","type-post","status-publish","format-standard","has-post-thumbnail","hentry","category-deportes","tag-deportes"],"jetpack_featured_media_url":"https:\/\/rnoticias.com.mx\/Portal\/wp-content\/uploads\/2025\/10\/62-1.jpg","amp_enabled":true,"_links":{"self":[{"href":"https:\/\/rnoticias.com.mx\/Portal\/wp-json\/wp\/v2\/posts\/232136","targetHints":{"allow":["GET"]}}],"collection":[{"href":"https:\/\/rnoticias.com.mx\/Portal\/wp-json\/wp\/v2\/posts"}],"about":[{"href":"https:\/\/rnoticias.com.mx\/Portal\/wp-json\/wp\/v2\/types\/post"}],"author":[{"embeddable":true,"href":"https:\/\/rnoticias.com.mx\/Portal\/wp-json\/wp\/v2\/users\/2"}],"replies":[{"embeddable":true,"href":"https:\/\/rnoticias.com.mx\/Portal\/wp-json\/wp\/v2\/comments?post=232136"}],"version-history":[{"count":1,"href":"https:\/\/rnoticias.com.mx\/Portal\/wp-json\/wp\/v2\/posts\/232136\/revisions"}],"predecessor-version":[{"id":232138,"href":"https:\/\/rnoticias.com.mx\/Portal\/wp-json\/wp\/v2\/posts\/232136\/revisions\/232138"}],"wp:featuredmedia":[{"embeddable":true,"href":"https:\/\/rnoticias.com.mx\/Portal\/wp-json\/wp\/v2\/media\/232137"}],"wp:attachment":[{"href":"https:\/\/rnoticias.com.mx\/Portal\/wp-json\/wp\/v2\/media?parent=232136"}],"wp:term":[{"taxonomy":"category","embeddable":true,"href":"https:\/\/rnoticias.com.mx\/Portal\/wp-json\/wp\/v2\/categories?post=232136"},{"taxonomy":"post_tag","embeddable":true,"href":"https:\/\/rnoticias.com.mx\/Portal\/wp-json\/wp\/v2\/tags?post=232136"}],"curies":[{"name":"wp","href":"https:\/\/api.w.org\/{rel}","templated":true}]}}