{"id":232109,"date":"2025-10-11T14:09:36","date_gmt":"2025-10-11T21:09:36","guid":{"rendered":"https:\/\/rnoticias.com.mx\/Portal\/?p=232109"},"modified":"2025-10-11T14:09:36","modified_gmt":"2025-10-11T21:09:36","slug":"diputada-propone-home-office-por-lluvias-en-la-cdmx","status":"publish","type":"post","link":"https:\/\/rnoticias.com.mx\/Portal\/2025\/10\/11\/diputada-propone-home-office-por-lluvias-en-la-cdmx\/","title":{"rendered":"Diputada propone Home Office por lluvias en la CDMX"},"content":{"rendered":"<p>La diputada Leonor Otegui, del partido Morena, present\u00f3 una iniciativa de reforma a la Ley Federal del Trabajo\u00a0<a href=\"https:\/\/www.informador.mx\/ley-federal-del-trabajo-t51052\" target=\"_blank\" rel=\"noopener\"><strong>(LFT)<\/strong><\/a>\u00a0que busca permitir el trabajo remoto temporal o\u00a0<a href=\"https:\/\/www.informador.mx\/home-office-t36768\" target=\"_blank\" rel=\"noopener\"><strong>home office<\/strong><\/a>\u00a0en caso de fen\u00f3menos naturales\u00a0<mark><strong>como lluvias, inundaciones o desbordamientos que impidan la movilidad en la Ciudad de M\u00e9xico.<\/strong><\/mark><\/p>\n<p>La propuesta de la morenista pretende establecer un marco flexible entre empleadores y empleados, para que puedan acordar modificaciones temporales a las condiciones laborales cuando las circunstancias clim\u00e1ticas compliquen el traslado a los centros de trabajo. Seg\u00fan la legisladora, esta medida\u00a0<strong>busca proteger la seguridad y salud de las personas trabajadoras ante situaciones que afecten la movilidad urbana, especialmente durante la\u00a0<\/strong><a href=\"https:\/\/www.informador.mx\/temporada-de-lluvias-t2101\" target=\"_blank\" rel=\"noopener\"><strong>temporada de lluvias<\/strong><\/a><strong>.<\/strong><\/p>\n<p>Otegui explic\u00f3 que su iniciativa est\u00e1 alineada con el llamado reciente de la Secretar\u00eda del Trabajo de la CDMX, que exhort\u00f3 a las empresas a considerar el home office como una alternativa responsable ante eventos meteorol\u00f3gicos severos.<\/p>\n<p>La legisladora &#8220;propone que las condiciones laborales podr\u00e1n ser modificadas temporalmente por acuerdo del empleador y el trabajador cuando ocurran fen\u00f3menos naturales que compliquen las condiciones de movilidad o asistencia de las personas trabajadoras&#8221;.<\/p>\n<p><mark><strong>&#8220;Esta reforma busca que las personas puedan acordar realizar trabajo en casa de manera temporal cuando la lluvia, las inundaciones y los desbordamientos de presas compliquen el traslado en sus centros de trabajo&#8221;.<\/strong><\/mark><\/p>\n<p>&nbsp;<\/p>\n<h2>El derecho a la desconexi\u00f3n digital, otra propuesta<\/h2>\n<p>La diputada tambi\u00e9n propone incluir en la LFT el derecho a la desconexi\u00f3n digital, mediante la adici\u00f3n del art\u00edculo 68 BIS, para\u00a0<strong>garantizar que los empleados no est\u00e9n obligados a responder llamadas, correos o mensajes fuera de su horario laboral, salvo en casos de emergencia.<\/strong><\/p>\n<p><mark><strong>De acuerdo con Otegui, la hiperconectividad y las largas jornadas laborales tienen efectos negativos en la salud f\u00edsica y mental.<\/strong><\/mark>\u00a0La Organizaci\u00f3n Mundial de la Salud (OMS) advierte que trabajar m\u00e1s de 55 horas a la semana incrementa el riesgo de padecer enfermedades cardiovasculares y accidentes cerebrovasculares.<\/p>\n<p>&#8220;La conexi\u00f3n laboral digital se ha extralimitado, ha ocupado el tiempo de descanso, provocando que las y los trabajadores sean sometidos a niveles de estr\u00e9s extremo, angustia, cansancio f\u00edsico y desgaste emocional&#8221;.<\/p>\n<p>Con esta doble propuesta, la legisladora busca fortalecer los derechos de los tabajadores, fomentar un equilibrio entre la vida personal y profesional, y reducir el estr\u00e9s asociado con las largas horas de traslado o la falta de descanso.\u00a0<strong>La iniciativa ser\u00e1 analizada en comisiones durante el actual periodo legislativo.<\/strong><\/p>\n","protected":false},"excerpt":{"rendered":"<p>La diputada Leonor Otegui, del partido Morena, present\u00f3 una iniciativa de reforma a la Ley Federal del Trabajo\u00a0(LFT)\u00a0que busca permitir el trabajo remoto temporal o\u00a0home office\u00a0en caso de fen\u00f3menos naturales\u00a0como lluvias, inundaciones o desbordamientos que impidan la movilidad en la Ciudad de M\u00e9xico. La propuesta de la morenista pretende establecer un marco flexible entre empleadores [&hellip;]<\/p>\n","protected":false},"author":2,"featured_media":232110,"comment_status":"closed","ping_status":"closed","sticky":false,"template":"","format":"standard","meta":{"footnotes":""},"categories":[12870,172],"tags":[12865,12874],"class_list":["post-232109","post","type-post","status-publish","format-standard","has-post-thumbnail","hentry","category-destacadas","category-nacional","tag-destacadas","tag-nacional"],"jetpack_featured_media_url":"https:\/\/rnoticias.com.mx\/Portal\/wp-content\/uploads\/2025\/10\/500_333.jpeg","amp_enabled":true,"_links":{"self":[{"href":"https:\/\/rnoticias.com.mx\/Portal\/wp-json\/wp\/v2\/posts\/232109","targetHints":{"allow":["GET"]}}],"collection":[{"href":"https:\/\/rnoticias.com.mx\/Portal\/wp-json\/wp\/v2\/posts"}],"about":[{"href":"https:\/\/rnoticias.com.mx\/Portal\/wp-json\/wp\/v2\/types\/post"}],"author":[{"embeddable":true,"href":"https:\/\/rnoticias.com.mx\/Portal\/wp-json\/wp\/v2\/users\/2"}],"replies":[{"embeddable":true,"href":"https:\/\/rnoticias.com.mx\/Portal\/wp-json\/wp\/v2\/comments?post=232109"}],"version-history":[{"count":1,"href":"https:\/\/rnoticias.com.mx\/Portal\/wp-json\/wp\/v2\/posts\/232109\/revisions"}],"predecessor-version":[{"id":232111,"href":"https:\/\/rnoticias.com.mx\/Portal\/wp-json\/wp\/v2\/posts\/232109\/revisions\/232111"}],"wp:featuredmedia":[{"embeddable":true,"href":"https:\/\/rnoticias.com.mx\/Portal\/wp-json\/wp\/v2\/media\/232110"}],"wp:attachment":[{"href":"https:\/\/rnoticias.com.mx\/Portal\/wp-json\/wp\/v2\/media?parent=232109"}],"wp:term":[{"taxonomy":"category","embeddable":true,"href":"https:\/\/rnoticias.com.mx\/Portal\/wp-json\/wp\/v2\/categories?post=232109"},{"taxonomy":"post_tag","embeddable":true,"href":"https:\/\/rnoticias.com.mx\/Portal\/wp-json\/wp\/v2\/tags?post=232109"}],"curies":[{"name":"wp","href":"https:\/\/api.w.org\/{rel}","templated":true}]}}