{"id":232100,"date":"2025-10-11T14:01:30","date_gmt":"2025-10-11T21:01:30","guid":{"rendered":"https:\/\/rnoticias.com.mx\/Portal\/?p=232100"},"modified":"2025-10-11T14:01:30","modified_gmt":"2025-10-11T21:01:30","slug":"gobierno-de-sonora-inicia-la-segunda-temporada-de-capacitacion-en-inclusion-para-operadores-de-transporte-publico-en-hermosillo","status":"publish","type":"post","link":"https:\/\/rnoticias.com.mx\/Portal\/2025\/10\/11\/gobierno-de-sonora-inicia-la-segunda-temporada-de-capacitacion-en-inclusion-para-operadores-de-transporte-publico-en-hermosillo\/","title":{"rendered":"Gobierno de Sonora inicia la segunda temporada de capacitaci\u00f3n en inclusi\u00f3n para operadores de transporte p\u00fablico en Hermosillo"},"content":{"rendered":"<p>Hermosillo, Sonora; 11 de octubre de 2025. Este viernes, el Gobierno de Sonora inici\u00f3 la segunda temporada de capacitaci\u00f3n en inclusi\u00f3n para las y los operadores de transporte p\u00fablico en el municipio de Hermosillo.<\/p>\n<p>El Instituto de Movilidad y Transporte para el Estado de Sonora (IMTES), en colaboraci\u00f3n con la Direcci\u00f3n de Atenci\u00f3n a Personas con Discapacidad del DIF Sonora, lleva a cabo este curso con el prop\u00f3sito de ofrecer un trato m\u00e1s digno y humano a las personas usuarias con discapacidad que utilizan el sistema de transporte de pasaje en sus distintas modalidades.<\/p>\n<p>El coordinador ejecutivo del IMTES, Carlos Sosa Casta\u00f1eda, subray\u00f3 que la capacitaci\u00f3n es gratuita, ya que forma parte del programa anual dise\u00f1ado para impulsar la profesionalizaci\u00f3n de las y los operadores del transporte p\u00fablico. Adem\u00e1s, este curso podr\u00e1 hacerse v\u00e1lido al momento de tramitar la licencia de operador.<\/p>\n<p>El curso \u201cSensibilizaci\u00f3n e inclusi\u00f3n para operadores de transporte p\u00fablico\u201d continuar\u00e1 los pr\u00f3ximos 15, 22 y 24 de octubre, de 9:00 a 11:00 horas, en la sala de capacitaci\u00f3n de la Direcci\u00f3n Regional del IMTES Hermosillo, ubicada en bulevar Las Torres No. 121, colonia Lomas de Linda Vista.<\/p>\n<p>Las personas interesadas pueden inscribirse al tel\u00e9fono 6622 11 82 50.<\/p>\n<p>El sistema de transporte de pasaje abarca diversas modalidades: especializado de personal, turismo, trabajadores agr\u00edcolas, transporte escolar, de alquiler, urbano, suburbano y for\u00e1neo.<\/p>\n","protected":false},"excerpt":{"rendered":"<p>Hermosillo, Sonora; 11 de octubre de 2025. Este viernes, el Gobierno de Sonora inici\u00f3 la segunda temporada de capacitaci\u00f3n en inclusi\u00f3n para las y los operadores de transporte p\u00fablico en el municipio de Hermosillo. El Instituto de Movilidad y Transporte para el Estado de Sonora (IMTES), en colaboraci\u00f3n con la Direcci\u00f3n de Atenci\u00f3n a Personas [&hellip;]<\/p>\n","protected":false},"author":2,"featured_media":232101,"comment_status":"closed","ping_status":"closed","sticky":false,"template":"","format":"standard","meta":{"footnotes":""},"categories":[12870,178],"tags":[12865,12869],"class_list":["post-232100","post","type-post","status-publish","format-standard","has-post-thumbnail","hentry","category-destacadas","category-local","tag-destacadas","tag-local"],"jetpack_featured_media_url":"https:\/\/rnoticias.com.mx\/Portal\/wp-content\/uploads\/2025\/10\/unnamed-2-6.jpg","amp_enabled":true,"_links":{"self":[{"href":"https:\/\/rnoticias.com.mx\/Portal\/wp-json\/wp\/v2\/posts\/232100","targetHints":{"allow":["GET"]}}],"collection":[{"href":"https:\/\/rnoticias.com.mx\/Portal\/wp-json\/wp\/v2\/posts"}],"about":[{"href":"https:\/\/rnoticias.com.mx\/Portal\/wp-json\/wp\/v2\/types\/post"}],"author":[{"embeddable":true,"href":"https:\/\/rnoticias.com.mx\/Portal\/wp-json\/wp\/v2\/users\/2"}],"replies":[{"embeddable":true,"href":"https:\/\/rnoticias.com.mx\/Portal\/wp-json\/wp\/v2\/comments?post=232100"}],"version-history":[{"count":1,"href":"https:\/\/rnoticias.com.mx\/Portal\/wp-json\/wp\/v2\/posts\/232100\/revisions"}],"predecessor-version":[{"id":232102,"href":"https:\/\/rnoticias.com.mx\/Portal\/wp-json\/wp\/v2\/posts\/232100\/revisions\/232102"}],"wp:featuredmedia":[{"embeddable":true,"href":"https:\/\/rnoticias.com.mx\/Portal\/wp-json\/wp\/v2\/media\/232101"}],"wp:attachment":[{"href":"https:\/\/rnoticias.com.mx\/Portal\/wp-json\/wp\/v2\/media?parent=232100"}],"wp:term":[{"taxonomy":"category","embeddable":true,"href":"https:\/\/rnoticias.com.mx\/Portal\/wp-json\/wp\/v2\/categories?post=232100"},{"taxonomy":"post_tag","embeddable":true,"href":"https:\/\/rnoticias.com.mx\/Portal\/wp-json\/wp\/v2\/tags?post=232100"}],"curies":[{"name":"wp","href":"https:\/\/api.w.org\/{rel}","templated":true}]}}