{"id":232097,"date":"2025-10-11T14:00:18","date_gmt":"2025-10-11T21:00:18","guid":{"rendered":"https:\/\/rnoticias.com.mx\/Portal\/?p=232097"},"modified":"2025-10-11T14:00:18","modified_gmt":"2025-10-11T21:00:18","slug":"realiza-gobierno-de-sonora-cena-a-ciegas-para-sensibilizar-sobre-la-discapacidad-visual","status":"publish","type":"post","link":"https:\/\/rnoticias.com.mx\/Portal\/2025\/10\/11\/realiza-gobierno-de-sonora-cena-a-ciegas-para-sensibilizar-sobre-la-discapacidad-visual\/","title":{"rendered":"Realiza Gobierno de Sonora \u201cCena a Ciegas\u201d para sensibilizar sobre la discapacidad visual"},"content":{"rendered":"<table class=\"m_5698336326039520762layout\" border=\"0\" width=\"100%\" cellspacing=\"0\" cellpadding=\"0\">\n<tbody>\n<tr>\n<td class=\"m_5698336326039520762column m_5698336326039520762scale m_5698336326039520762stack\" align=\"center\" valign=\"top\">\n<table border=\"0\" width=\"100%\" cellspacing=\"0\" cellpadding=\"0\">\n<tbody>\n<tr>\n<td>\n<table class=\"m_5698336326039520762text\" border=\"0\" width=\"100%\" cellspacing=\"0\" cellpadding=\"0\">\n<tbody>\n<tr>\n<td class=\"m_5698336326039520762text_content-cell m_5698336326039520762content-padding-horizontal\" align=\"left\" valign=\"top\">Hermosillo, Sonora; 11 de octubre de 2025.\u2013 Con el objetivo de sensibilizar a la poblaci\u00f3n sobre la realidad que enfrentan las personas con discapacidad visual, el Gobierno de Sonora, a trav\u00e9s del Instituto Sonorense de la Juventud (ISJ), llev\u00f3 a cabo la actividad \u201cCena a Ciegas\u201d, que se convirti\u00f3 en una experiencia sensorial \u00fanica para quienes participaron.<\/p>\n<p>La directora general del ISJ, Rebeca Valenzuela \u00c1lvarez, explic\u00f3 que esta actividad forma parte de las acciones conmemorativas rumbo al D\u00eda del Bast\u00f3n Blanco, que se celebra el pr\u00f3ximo 15 de octubre, y cuyo prop\u00f3sito es promover la inclusi\u00f3n, el respeto y la igualdad de oportunidades para las personas con discapacidad visual.<\/p>\n<p>\u201cHa sido toda una experiencia sensorial cenar sin el sentido de la vista. Nos hemos dado cuenta de que el resto de los sentidos se potencian; lejos de limitar la experiencia, la enriquece\u201d, destac\u00f3 Valenzuela \u00c1lvarez.<\/p>\n<p>El evento tuvo lugar este viernes en las instalaciones del ISJ, donde decenas de asistentes vivieron la experiencia de cenar a oscuras, acompa\u00f1ados de m\u00fasica en vivo y actividades de concientizaci\u00f3n dise\u00f1adas para generar empat\u00eda y comprensi\u00f3n sobre los desaf\u00edos diarios que enfrentan quienes viven con discapacidad visual.<\/td>\n<\/tr>\n<\/tbody>\n<\/table>\n<\/td>\n<\/tr>\n<\/tbody>\n<\/table>\n<\/td>\n<\/tr>\n<\/tbody>\n<\/table>\n<table class=\"m_5698336326039520762layout\" border=\"0\" width=\"100%\" cellspacing=\"0\" cellpadding=\"0\">\n<tbody>\n<tr>\n<td class=\"m_5698336326039520762column m_5698336326039520762scale m_5698336326039520762stack\" align=\"center\" valign=\"top\">\n<table class=\"m_5698336326039520762image m_5698336326039520762image--mobile-scale m_5698336326039520762image--mobile-center\" border=\"0\" width=\"100%\" cellspacing=\"0\" cellpadding=\"0\">\n<tbody>\n<tr>\n<td class=\"m_5698336326039520762image_container m_5698336326039520762content-padding-horizontal\" align=\"center\" valign=\"top\"><\/td>\n<\/tr>\n<\/tbody>\n<\/table>\n<\/td>\n<\/tr>\n<\/tbody>\n<\/table>\n","protected":false},"excerpt":{"rendered":"<p>Hermosillo, Sonora; 11 de octubre de 2025.\u2013 Con el objetivo de sensibilizar a la poblaci\u00f3n sobre la realidad que enfrentan las personas con discapacidad visual, el Gobierno de Sonora, a trav\u00e9s del Instituto Sonorense de la Juventud (ISJ), llev\u00f3 a cabo la actividad \u201cCena a Ciegas\u201d, que se convirti\u00f3 en una experiencia sensorial \u00fanica para [&hellip;]<\/p>\n","protected":false},"author":2,"featured_media":232098,"comment_status":"closed","ping_status":"closed","sticky":false,"template":"","format":"standard","meta":{"footnotes":""},"categories":[12870,178],"tags":[12865,12869],"class_list":["post-232097","post","type-post","status-publish","format-standard","has-post-thumbnail","hentry","category-destacadas","category-local","tag-destacadas","tag-local"],"jetpack_featured_media_url":"https:\/\/rnoticias.com.mx\/Portal\/wp-content\/uploads\/2025\/10\/unnamed-29.jpg","amp_enabled":true,"_links":{"self":[{"href":"https:\/\/rnoticias.com.mx\/Portal\/wp-json\/wp\/v2\/posts\/232097","targetHints":{"allow":["GET"]}}],"collection":[{"href":"https:\/\/rnoticias.com.mx\/Portal\/wp-json\/wp\/v2\/posts"}],"about":[{"href":"https:\/\/rnoticias.com.mx\/Portal\/wp-json\/wp\/v2\/types\/post"}],"author":[{"embeddable":true,"href":"https:\/\/rnoticias.com.mx\/Portal\/wp-json\/wp\/v2\/users\/2"}],"replies":[{"embeddable":true,"href":"https:\/\/rnoticias.com.mx\/Portal\/wp-json\/wp\/v2\/comments?post=232097"}],"version-history":[{"count":1,"href":"https:\/\/rnoticias.com.mx\/Portal\/wp-json\/wp\/v2\/posts\/232097\/revisions"}],"predecessor-version":[{"id":232099,"href":"https:\/\/rnoticias.com.mx\/Portal\/wp-json\/wp\/v2\/posts\/232097\/revisions\/232099"}],"wp:featuredmedia":[{"embeddable":true,"href":"https:\/\/rnoticias.com.mx\/Portal\/wp-json\/wp\/v2\/media\/232098"}],"wp:attachment":[{"href":"https:\/\/rnoticias.com.mx\/Portal\/wp-json\/wp\/v2\/media?parent=232097"}],"wp:term":[{"taxonomy":"category","embeddable":true,"href":"https:\/\/rnoticias.com.mx\/Portal\/wp-json\/wp\/v2\/categories?post=232097"},{"taxonomy":"post_tag","embeddable":true,"href":"https:\/\/rnoticias.com.mx\/Portal\/wp-json\/wp\/v2\/tags?post=232097"}],"curies":[{"name":"wp","href":"https:\/\/api.w.org\/{rel}","templated":true}]}}