{"id":232094,"date":"2025-10-11T13:59:23","date_gmt":"2025-10-11T20:59:23","guid":{"rendered":"https:\/\/rnoticias.com.mx\/Portal\/?p=232094"},"modified":"2025-10-11T13:59:23","modified_gmt":"2025-10-11T20:59:23","slug":"promueve-gobierno-de-sonora-salud-mental-y-prevencion-del-suicidio-con-la-estrategia-saludablemente-en-la-vialidad","status":"publish","type":"post","link":"https:\/\/rnoticias.com.mx\/Portal\/2025\/10\/11\/promueve-gobierno-de-sonora-salud-mental-y-prevencion-del-suicidio-con-la-estrategia-saludablemente-en-la-vialidad\/","title":{"rendered":"Promueve Gobierno de Sonora salud mental y prevenci\u00f3n del suicidio con la estrategia \u201cSaludablemente en la Vialidad\u201d"},"content":{"rendered":"<p>Hermosillo, Sonora; 11 de octubre de 2025.- Como parte de las acciones permanentes del Programa de Prevenci\u00f3n del Suicidio, en el marco del D\u00eda Mundial de la Salud Mental, el Gobierno de Sonora, a trav\u00e9s de la Secretar\u00eda de Salud P\u00fablica, por medio de la Direcci\u00f3n de Salud Mental y Adicciones, llev\u00f3 a cabo la actividad \u201cSaludablemente en la Vialidad\u201d, en el andador del Mercado Municipal.<\/p>\n<p>Judith Muro, coordinadora del Programa de Salud Mental en la Direcci\u00f3n de Salud Mental y Adicciones, explic\u00f3 que esta estrategia se realiza cada d\u00eda 10 de mes y subray\u00f3 que el cuidado de la salud mental es un tema prioritario, ya que el estr\u00e9s y el ritmo de vida actual son factores que pueden afectar el bienestar emocional.<\/p>\n<p>\u201cDepende de los factores protectores con los que contamos para evitar que se detone un problema mental; por eso promovemos h\u00e1bitos saludables como la buena alimentaci\u00f3n, el descanso adecuado y contar con una red de apoyo\u201d, indic\u00f3.<\/p>\n<p>En cada jornada de \u201cSaludablemente en la Vialidad\u201d, el personal de la Secretar\u00eda de Salud se acerca a la ciudadan\u00eda en espacios p\u00fablicos para ofrecer informaci\u00f3n sobre temas relacionados con salud mental, depresi\u00f3n, ansiedad y prevenci\u00f3n del suicidio, atendiendo en promedio a 100 personas durante cada actividad.<\/p>\n<p>Como parte de esta labor, se entregaron folletos informativos en los cuales se detallan signos, s\u00edntomas y se\u00f1ales de advertencia que pueden ayudar a identificar un problema emocional, as\u00ed como informaci\u00f3n sobre los servicios y unidades de atenci\u00f3n psicol\u00f3gica o psiqui\u00e1trica disponibles en el estado.<\/p>\n<p>Con estas acciones, el Gobierno de Sonora reafirma su compromiso con la promoci\u00f3n de la salud mental y el bienestar integral de la poblaci\u00f3n, fomentando una cultura de cuidado emocional en todos los sectores de la sociedad.<\/p>\n","protected":false},"excerpt":{"rendered":"<p>Hermosillo, Sonora; 11 de octubre de 2025.- Como parte de las acciones permanentes del Programa de Prevenci\u00f3n del Suicidio, en el marco del D\u00eda Mundial de la Salud Mental, el Gobierno de Sonora, a trav\u00e9s de la Secretar\u00eda de Salud P\u00fablica, por medio de la Direcci\u00f3n de Salud Mental y Adicciones, llev\u00f3 a cabo la [&hellip;]<\/p>\n","protected":false},"author":2,"featured_media":232095,"comment_status":"closed","ping_status":"closed","sticky":false,"template":"","format":"standard","meta":{"footnotes":""},"categories":[12870,178],"tags":[12865,12869],"class_list":["post-232094","post","type-post","status-publish","format-standard","has-post-thumbnail","hentry","category-destacadas","category-local","tag-destacadas","tag-local"],"jetpack_featured_media_url":"https:\/\/rnoticias.com.mx\/Portal\/wp-content\/uploads\/2025\/10\/unnamed-1-12.jpg","amp_enabled":true,"_links":{"self":[{"href":"https:\/\/rnoticias.com.mx\/Portal\/wp-json\/wp\/v2\/posts\/232094","targetHints":{"allow":["GET"]}}],"collection":[{"href":"https:\/\/rnoticias.com.mx\/Portal\/wp-json\/wp\/v2\/posts"}],"about":[{"href":"https:\/\/rnoticias.com.mx\/Portal\/wp-json\/wp\/v2\/types\/post"}],"author":[{"embeddable":true,"href":"https:\/\/rnoticias.com.mx\/Portal\/wp-json\/wp\/v2\/users\/2"}],"replies":[{"embeddable":true,"href":"https:\/\/rnoticias.com.mx\/Portal\/wp-json\/wp\/v2\/comments?post=232094"}],"version-history":[{"count":1,"href":"https:\/\/rnoticias.com.mx\/Portal\/wp-json\/wp\/v2\/posts\/232094\/revisions"}],"predecessor-version":[{"id":232096,"href":"https:\/\/rnoticias.com.mx\/Portal\/wp-json\/wp\/v2\/posts\/232094\/revisions\/232096"}],"wp:featuredmedia":[{"embeddable":true,"href":"https:\/\/rnoticias.com.mx\/Portal\/wp-json\/wp\/v2\/media\/232095"}],"wp:attachment":[{"href":"https:\/\/rnoticias.com.mx\/Portal\/wp-json\/wp\/v2\/media?parent=232094"}],"wp:term":[{"taxonomy":"category","embeddable":true,"href":"https:\/\/rnoticias.com.mx\/Portal\/wp-json\/wp\/v2\/categories?post=232094"},{"taxonomy":"post_tag","embeddable":true,"href":"https:\/\/rnoticias.com.mx\/Portal\/wp-json\/wp\/v2\/tags?post=232094"}],"curies":[{"name":"wp","href":"https:\/\/api.w.org\/{rel}","templated":true}]}}