{"id":232091,"date":"2025-10-11T13:00:09","date_gmt":"2025-10-11T20:00:09","guid":{"rendered":"https:\/\/rnoticias.com.mx\/Portal\/?p=232091"},"modified":"2025-10-11T13:00:09","modified_gmt":"2025-10-11T20:00:09","slug":"reafirma-gobierno-de-sonora-compromiso-con-la-atencion-integral-del-cancer-de-la-mujer","status":"publish","type":"post","link":"https:\/\/rnoticias.com.mx\/Portal\/2025\/10\/11\/reafirma-gobierno-de-sonora-compromiso-con-la-atencion-integral-del-cancer-de-la-mujer\/","title":{"rendered":"Reafirma Gobierno de Sonora compromiso con la atenci\u00f3n integral del c\u00e1ncer de la mujer"},"content":{"rendered":"<p>Hermosillo, Sonora; 11 de octubre de 2025.- Bajo la encomienda de fortalecer los esfuerzos conjuntos en materia de prevenci\u00f3n y atenci\u00f3n integral hacia las mujeres de la entidad en el \u00e1mbito oncol\u00f3gico, el Gobierno de Sonora, a trav\u00e9s de la Secretar\u00eda de Salud P\u00fablica, llev\u00f3 a cabo la 4ta. Reuni\u00f3n Ordinaria del Comit\u00e9 de C\u00e1ncer de la Mujer, en las instalaciones de la propia dependencia.<\/p>\n<p>Este encuentro reuni\u00f3 a representantes del sector salud, organizaciones civiles dedicadas a la atenci\u00f3n de pacientes con c\u00e1ncer, as\u00ed como a instancias de car\u00e1cter militar, donde se destac\u00f3 la importancia de impulsar la detecci\u00f3n temprana del c\u00e1ncer en mujeres y establecer una agenda de trabajo orientada a ampliar el alcance de las acciones en beneficio de la poblaci\u00f3n.<\/p>\n<p>Presidida por el subsecretario de Salud, Jorge Laureano Eugenio, en la reuni\u00f3n se acord\u00f3 continuar con la capacitaci\u00f3n y sensibilizaci\u00f3n del personal de salud, promoviendo el trato digno y humano hacia las personas usuarias, as\u00ed como una comunicaci\u00f3n efectiva que garantice la comprensi\u00f3n clara de la informaci\u00f3n m\u00e9dica y la resoluci\u00f3n de dudas.<\/p>\n<p>Asimismo, se plante\u00f3 reforzar la formaci\u00f3n en el manejo de las emociones, tanto del personal m\u00e9dico como de las personas atendidas, con el prop\u00f3sito de favorecer entornos emp\u00e1ticos y de apoyo emocional durante los procesos de atenci\u00f3n.<\/p>\n<p>Otro de los puntos abordados fue la organizaci\u00f3n de actividades complementarias, como visitas con acompa\u00f1amiento animal orientadas al bienestar emocional, y la creaci\u00f3n de espacios m\u00e9dicos con ambientes m\u00e1s c\u00e1lidos y acogedores, que contribuyan a una mejor experiencia de atenci\u00f3n.<\/p>\n<p>Finalmente, se reafirm\u00f3 el compromiso de mantener una comunicaci\u00f3n constante con fundaciones y organizaciones no gubernamentales, con el fin de fortalecer la coordinaci\u00f3n interinstitucional, reafirmando la apertura del Gobierno de Sonora para trabajar de manera colaborativa en beneficio de la salud de las mujeres sonorenses.<\/p>\n","protected":false},"excerpt":{"rendered":"<p>Hermosillo, Sonora; 11 de octubre de 2025.- Bajo la encomienda de fortalecer los esfuerzos conjuntos en materia de prevenci\u00f3n y atenci\u00f3n integral hacia las mujeres de la entidad en el \u00e1mbito oncol\u00f3gico, el Gobierno de Sonora, a trav\u00e9s de la Secretar\u00eda de Salud P\u00fablica, llev\u00f3 a cabo la 4ta. Reuni\u00f3n Ordinaria del Comit\u00e9 de C\u00e1ncer [&hellip;]<\/p>\n","protected":false},"author":2,"featured_media":232092,"comment_status":"closed","ping_status":"closed","sticky":false,"template":"","format":"standard","meta":{"footnotes":""},"categories":[12870,178],"tags":[12865,12869],"class_list":["post-232091","post","type-post","status-publish","format-standard","has-post-thumbnail","hentry","category-destacadas","category-local","tag-destacadas","tag-local"],"jetpack_featured_media_url":"https:\/\/rnoticias.com.mx\/Portal\/wp-content\/uploads\/2025\/10\/unnamed-28.jpg","amp_enabled":true,"_links":{"self":[{"href":"https:\/\/rnoticias.com.mx\/Portal\/wp-json\/wp\/v2\/posts\/232091","targetHints":{"allow":["GET"]}}],"collection":[{"href":"https:\/\/rnoticias.com.mx\/Portal\/wp-json\/wp\/v2\/posts"}],"about":[{"href":"https:\/\/rnoticias.com.mx\/Portal\/wp-json\/wp\/v2\/types\/post"}],"author":[{"embeddable":true,"href":"https:\/\/rnoticias.com.mx\/Portal\/wp-json\/wp\/v2\/users\/2"}],"replies":[{"embeddable":true,"href":"https:\/\/rnoticias.com.mx\/Portal\/wp-json\/wp\/v2\/comments?post=232091"}],"version-history":[{"count":1,"href":"https:\/\/rnoticias.com.mx\/Portal\/wp-json\/wp\/v2\/posts\/232091\/revisions"}],"predecessor-version":[{"id":232093,"href":"https:\/\/rnoticias.com.mx\/Portal\/wp-json\/wp\/v2\/posts\/232091\/revisions\/232093"}],"wp:featuredmedia":[{"embeddable":true,"href":"https:\/\/rnoticias.com.mx\/Portal\/wp-json\/wp\/v2\/media\/232092"}],"wp:attachment":[{"href":"https:\/\/rnoticias.com.mx\/Portal\/wp-json\/wp\/v2\/media?parent=232091"}],"wp:term":[{"taxonomy":"category","embeddable":true,"href":"https:\/\/rnoticias.com.mx\/Portal\/wp-json\/wp\/v2\/categories?post=232091"},{"taxonomy":"post_tag","embeddable":true,"href":"https:\/\/rnoticias.com.mx\/Portal\/wp-json\/wp\/v2\/tags?post=232091"}],"curies":[{"name":"wp","href":"https:\/\/api.w.org\/{rel}","templated":true}]}}