{"id":232088,"date":"2025-10-11T10:48:29","date_gmt":"2025-10-11T17:48:29","guid":{"rendered":"https:\/\/rnoticias.com.mx\/Portal\/?p=232088"},"modified":"2025-10-11T10:48:29","modified_gmt":"2025-10-11T17:48:29","slug":"fallece-junior-dutra-al-realizarse-cirugia-estetica-en-manos-de-dentista-sin-licencia","status":"publish","type":"post","link":"https:\/\/rnoticias.com.mx\/Portal\/2025\/10\/11\/fallece-junior-dutra-al-realizarse-cirugia-estetica-en-manos-de-dentista-sin-licencia\/","title":{"rendered":"Fallece Junior Dutra al realizarse cirug\u00eda est\u00e9tica en manos de dentista sin licencia"},"content":{"rendered":"<p>El mundo del espect\u00e1culo y las redes sociales se encuentra de luto tras<strong>\u00a0la muerte del influencer de moda brasile\u00f1o Junior Dutra, quien falleci\u00f3 a los 31 a\u00f1os a causa de complicaciones derivadas de una cirug\u00eda est\u00e9tica conocida como \u201cfox eyes\u201d (u \u201cojos de zorro\u201d).<\/strong>\u00a0La noticia fue confirmada el 3 de octubre por su amigo cercano Gean Souza, quien asegur\u00f3 que el joven hab\u00eda sufrido infecciones severas desde que se someti\u00f3 al procedimiento.<\/p>\n<h2>Una figura influyente en el mundo de la moda digital<\/h2>\n<p>Junior Dutra, cuyo nombre completo era\u00a0<strong>Adair Mendes Dutra Junior,\u00a0<\/strong>era una figura reconocida en el \u00e1mbito de la moda y las tendencias en redes sociales. En su cuenta de Instagram, donde\u00a0<strong>acumulaba m\u00e1s de 118 mil seguidores,\u00a0<\/strong>compart\u00eda su estilo, consejos de imagen y momentos de su vida cotidiana, convirti\u00e9ndose en un\u00a0<mark>referente de elegancia y creatividad para muchos de sus seguidores.<\/mark><\/p>\n<p>En una de sus \u00faltimas entrevistas, el influencer revel\u00f3 que el procedimiento no hab\u00eda salido como esperaba:<\/p>\n<p>\u201cTan pronto como me hicieron el procedimiento, sent\u00ed como si se me hubiera reventado una vena en el lado izquierdo de la cara. Todo estaba bien en el lado derecho, pero en el lado izquierdo, pod\u00eda sentir que el hilo se estaba saliendo.\u201d<\/p>\n<p>A partir de ese momento, su salud comenz\u00f3 a deteriorarse r\u00e1pidamente. Seg\u00fan relat\u00f3 Souza, Junior enfrent\u00f3\u00a0<mark>infecciones constantes y problemas respiratorios,<\/mark>\u00a0hasta que finalmente fue internado de urgencia en un hospital p\u00fablico de S\u00e3o Paulo, donde falleci\u00f3 el pasado viernes.<\/p>\n<h2>Investigaciones y posibles irregularidades m\u00e9dicas<\/h2>\n<p>El caso tom\u00f3 un giro a\u00fan m\u00e1s preocupante cuando\u00a0<mark>se revel\u00f3 que la intervenci\u00f3n habr\u00eda sido realizada por un dentista sin licencia m\u00e9dica,<\/mark>\u00a0lo que gener\u00f3 una fuerte pol\u00e9mica y encendi\u00f3 las alarmas sobre el control de los procedimientos est\u00e9ticos en Brasil.<\/p>\n<p>De acuerdo con medios como\u00a0<i>The Sun,<\/i>\u00a0Junior hab\u00eda presentado una denuncia penal contra el supuesto especialista,\u00a0<strong>acus\u00e1ndolo de fraude, lesiones graves y ejercicio ilegal de la medicina.<\/strong>\u00a0Tras solicitar los documentos del procedimiento, descubri\u00f3 que el profesional\u00a0<mark>contaba \u00fanicamente con un registro odontol\u00f3gico,<\/mark>\u00a0sin autorizaci\u00f3n para practicar cirug\u00edas est\u00e9ticas.<\/p>\n<div>\n<div id=\"instagram-423\" class=\"ck-instagram\">\n<blockquote class=\"instagram-media\" data-instgrm-captioned=\"\" data-instgrm-permalink=\"https:\/\/www.instagram.com\/p\/DNkmBVuOImg\/?utm_source=ig_embed&amp;utm_campaign=loading\" data-instgrm-version=\"14\">\n<div>\n<p>&nbsp;<\/p>\n<\/div>\n<\/blockquote>\n<\/div>\n<\/div>\n<h2>Reacciones y pedidos de justicia<\/h2>\n<p>La muerte del joven ha provocado una profunda conmoci\u00f3n en el mundo digital. Compa\u00f1eros del \u00e1mbito de la\u00a0<strong>moda, seguidores y creadores de contenido expresaron su tristeza y exigieron mayor regulaci\u00f3n y control en torno a los tratamientos est\u00e9ticos,\u00a0<\/strong>adem\u00e1s de sanciones m\u00e1s severas para quienes los practican sin acreditaci\u00f3n m\u00e9dica.<\/p>\n<p>Mientras tanto, la familia de Junior\u00a0<mark>espera el informe oficial de la causa de su fallecimiento,<\/mark>\u00a0en medio del dolor por la p\u00e9rdida de un joven talentoso y con una carrera prometedora, truncada de manera tr\u00e1gica.<\/p>\n<p>&nbsp;<\/p>\n<h2>\u00bfEn qu\u00e9 consiste la cirug\u00eda \u201cfox eyes\u201d?<\/h2>\n<p>El procedimiento de \u201cfox eyes\u201d busca\u00a0<mark>levantar las comisuras externas de los ojos para lograr una mirada m\u00e1s alargada y rasgada,<\/mark>\u00a0inspirada en celebridades y filtros de redes sociales.<\/p>\n<p>Generalmente, la t\u00e9cnica se realiza mediante<strong>\u00a0hilos tensores colocados bajo la piel,\u00a0<\/strong>aunque en algunos casos puede implicar<strong>\u00a0intervenciones quir\u00fargicas m\u00e1s invasivas.\u00a0<\/strong>A pesar de los resultados est\u00e9ticos que promete, conlleva riesgos importantes si no se realiza con especialistas certificados. Entre las posibles complicaciones se incluyen\u00a0<mark>infecciones, da\u00f1os en nervios faciales, asimetr\u00edas severas e incluso deformaciones permanentes.<\/mark><\/p>\n<p>La muerte de Junior Dutra no solo deja tristeza en la comunidad digital, sino tambi\u00e9n un fuerte llamado de atenci\u00f3n sobre\u00a0<strong>los peligros de someterse a procedimientos est\u00e9ticos sin supervisi\u00f3n m\u00e9dica adecuada.<\/strong>\u00a0Su caso refleja la urgencia de reforzar la regulaci\u00f3n y la responsabilidad profesional en un sector que, cada vez m\u00e1s, atrae a j\u00f3venes en busca de la perfecci\u00f3n est\u00e9tica impulsada por las redes sociales.<\/p>\n<p><i>Con informaci\u00f3n de SUN<\/i><\/p>\n","protected":false},"excerpt":{"rendered":"<p>El mundo del espect\u00e1culo y las redes sociales se encuentra de luto tras\u00a0la muerte del influencer de moda brasile\u00f1o Junior Dutra, quien falleci\u00f3 a los 31 a\u00f1os a causa de complicaciones derivadas de una cirug\u00eda est\u00e9tica conocida como \u201cfox eyes\u201d (u \u201cojos de zorro\u201d).\u00a0La noticia fue confirmada el 3 de octubre por su amigo cercano [&hellip;]<\/p>\n","protected":false},"author":2,"featured_media":232089,"comment_status":"closed","ping_status":"closed","sticky":false,"template":"","format":"standard","meta":{"footnotes":""},"categories":[12870,219],"tags":[12865,12875],"class_list":["post-232088","post","type-post","status-publish","format-standard","has-post-thumbnail","hentry","category-destacadas","category-espectaculos","tag-destacadas","tag-espectaculos"],"jetpack_featured_media_url":"https:\/\/rnoticias.com.mx\/Portal\/wp-content\/uploads\/2025\/10\/descarga-3.jpeg","amp_enabled":true,"_links":{"self":[{"href":"https:\/\/rnoticias.com.mx\/Portal\/wp-json\/wp\/v2\/posts\/232088","targetHints":{"allow":["GET"]}}],"collection":[{"href":"https:\/\/rnoticias.com.mx\/Portal\/wp-json\/wp\/v2\/posts"}],"about":[{"href":"https:\/\/rnoticias.com.mx\/Portal\/wp-json\/wp\/v2\/types\/post"}],"author":[{"embeddable":true,"href":"https:\/\/rnoticias.com.mx\/Portal\/wp-json\/wp\/v2\/users\/2"}],"replies":[{"embeddable":true,"href":"https:\/\/rnoticias.com.mx\/Portal\/wp-json\/wp\/v2\/comments?post=232088"}],"version-history":[{"count":1,"href":"https:\/\/rnoticias.com.mx\/Portal\/wp-json\/wp\/v2\/posts\/232088\/revisions"}],"predecessor-version":[{"id":232090,"href":"https:\/\/rnoticias.com.mx\/Portal\/wp-json\/wp\/v2\/posts\/232088\/revisions\/232090"}],"wp:featuredmedia":[{"embeddable":true,"href":"https:\/\/rnoticias.com.mx\/Portal\/wp-json\/wp\/v2\/media\/232089"}],"wp:attachment":[{"href":"https:\/\/rnoticias.com.mx\/Portal\/wp-json\/wp\/v2\/media?parent=232088"}],"wp:term":[{"taxonomy":"category","embeddable":true,"href":"https:\/\/rnoticias.com.mx\/Portal\/wp-json\/wp\/v2\/categories?post=232088"},{"taxonomy":"post_tag","embeddable":true,"href":"https:\/\/rnoticias.com.mx\/Portal\/wp-json\/wp\/v2\/tags?post=232088"}],"curies":[{"name":"wp","href":"https:\/\/api.w.org\/{rel}","templated":true}]}}