{"id":232082,"date":"2025-10-11T10:36:39","date_gmt":"2025-10-11T17:36:39","guid":{"rendered":"https:\/\/rnoticias.com.mx\/Portal\/?p=232082"},"modified":"2025-10-11T10:36:39","modified_gmt":"2025-10-11T17:36:39","slug":"ceo-de-coca-cola-aclara-si-retiraria-patrocinio-del-super-bowl","status":"publish","type":"post","link":"https:\/\/rnoticias.com.mx\/Portal\/2025\/10\/11\/ceo-de-coca-cola-aclara-si-retiraria-patrocinio-del-super-bowl\/","title":{"rendered":"CEO de Coca-Cola aclara si retirar\u00eda patrocinio del Super Bowl"},"content":{"rendered":"<p>En horas recientes, debido a la tensi\u00f3n que se ha despertado entre el gobierno de Estados Unidos y el cantante Bad Bunny,\u00a0<strong>usuarios de redes sociales han esparcido rumores de acerca del posible retiro del patrocinio de Coca-Cola del Super Bowl si el puertorrique\u00f1o se presenta en el show del medio tiempo<\/strong>. Sin embargo,\u00a0<mark><strong>es la propia multinacional quien desmiente estos rumores.<\/strong><\/mark><\/p>\n<p><mark>El CEO de Coca-Cola, James Quincey<\/mark>, no ha amenazado con retirar su patrocinio del Super Bowl, simplemente porque no lo patrocina. Seg\u00fan ha confirmado la compa\u00f1\u00eda a un medio de verificaci\u00f3n estadounidense, miembro de la Red Internacional de Verificaci\u00f3n (IFCN), &#8220;<mark>ese rumor es inventado y completamente falso<\/mark>&#8220;. Adem\u00e1s aclara que &#8220;<mark>no patrocina el Super Bowl<\/mark>&#8220;.<\/p>\n<p>El portal\u00a0<i>Lead Stories<\/i>\u00a0contact\u00f3 con un portavoz de la empresa de alimentaci\u00f3n,\u00a0<strong>quien neg\u00f3 la veracidad de ese rumor, y que Coca-Cola est\u00e9 entre los patrocinadores de uno de los eventos m\u00e1s seguidos en todo el mundo, en el que una buena parte de las marcas m\u00e1s importantes se anuncian.<\/strong><\/p>\n<p>Por otro lado, la propia\u00a0<mark>Liga Nacional de F\u00fatbol Americano (NFL)<\/mark>\u00a0anunci\u00f3 que\u00a0<strong>el cantante puertorrique\u00f1o protagonizar\u00e1 el espect\u00e1culo musical que tendr\u00e1 lugar en el descanso del partido del 8 de febrero en el Levi&#8217;s Stadium, California, y que est\u00e1 patrocinado por Apple Music.<\/strong><\/p>\n<p>Esta desinformaci\u00f3n surgi\u00f3 a ra\u00edz de las palabras del presidente de Estados Unidos,\u00a0<mark>Donald Trump<\/mark>, que calific\u00f3 el hecho de que Bad Bunny actuara en el Super Bowl como una decisi\u00f3n &#8220;<mark>absolutamente rid\u00edcula<\/mark>&#8220;. El mandatario dijo no saber qui\u00e9n es ni tampoco por qu\u00e9 la NFL lo ha elegido para protagonizar la famosa actuaci\u00f3n de la final. &#8220;<mark>Es una locura<\/mark>&#8220;, concluy\u00f3.<\/p>\n<p>La elecci\u00f3n de Bad Bunny para actuar como artista principal en el Super Bowl del pr\u00f3ximo 8 de febrero ha generado una ola de cr\u00edticas entre las filas republicanas, que reprochan que su m\u00fasica sea en espa\u00f1ol.<\/p>\n","protected":false},"excerpt":{"rendered":"<p>En horas recientes, debido a la tensi\u00f3n que se ha despertado entre el gobierno de Estados Unidos y el cantante Bad Bunny,\u00a0usuarios de redes sociales han esparcido rumores de acerca del posible retiro del patrocinio de Coca-Cola del Super Bowl si el puertorrique\u00f1o se presenta en el show del medio tiempo. Sin embargo,\u00a0es la propia [&hellip;]<\/p>\n","protected":false},"author":2,"featured_media":232083,"comment_status":"closed","ping_status":"closed","sticky":false,"template":"","format":"standard","meta":{"footnotes":""},"categories":[12870,219],"tags":[12865,12875],"class_list":["post-232082","post","type-post","status-publish","format-standard","has-post-thumbnail","hentry","category-destacadas","category-espectaculos","tag-destacadas","tag-espectaculos"],"jetpack_featured_media_url":"https:\/\/rnoticias.com.mx\/Portal\/wp-content\/uploads\/2025\/10\/coca-cola-superbowl-liv-CONTENT-20191.jpg","amp_enabled":true,"_links":{"self":[{"href":"https:\/\/rnoticias.com.mx\/Portal\/wp-json\/wp\/v2\/posts\/232082","targetHints":{"allow":["GET"]}}],"collection":[{"href":"https:\/\/rnoticias.com.mx\/Portal\/wp-json\/wp\/v2\/posts"}],"about":[{"href":"https:\/\/rnoticias.com.mx\/Portal\/wp-json\/wp\/v2\/types\/post"}],"author":[{"embeddable":true,"href":"https:\/\/rnoticias.com.mx\/Portal\/wp-json\/wp\/v2\/users\/2"}],"replies":[{"embeddable":true,"href":"https:\/\/rnoticias.com.mx\/Portal\/wp-json\/wp\/v2\/comments?post=232082"}],"version-history":[{"count":1,"href":"https:\/\/rnoticias.com.mx\/Portal\/wp-json\/wp\/v2\/posts\/232082\/revisions"}],"predecessor-version":[{"id":232084,"href":"https:\/\/rnoticias.com.mx\/Portal\/wp-json\/wp\/v2\/posts\/232082\/revisions\/232084"}],"wp:featuredmedia":[{"embeddable":true,"href":"https:\/\/rnoticias.com.mx\/Portal\/wp-json\/wp\/v2\/media\/232083"}],"wp:attachment":[{"href":"https:\/\/rnoticias.com.mx\/Portal\/wp-json\/wp\/v2\/media?parent=232082"}],"wp:term":[{"taxonomy":"category","embeddable":true,"href":"https:\/\/rnoticias.com.mx\/Portal\/wp-json\/wp\/v2\/categories?post=232082"},{"taxonomy":"post_tag","embeddable":true,"href":"https:\/\/rnoticias.com.mx\/Portal\/wp-json\/wp\/v2\/tags?post=232082"}],"curies":[{"name":"wp","href":"https:\/\/api.w.org\/{rel}","templated":true}]}}