{"id":231915,"date":"2025-10-10T11:37:01","date_gmt":"2025-10-10T18:37:01","guid":{"rendered":"https:\/\/rnoticias.com.mx\/Portal\/?p=231915"},"modified":"2025-10-10T11:37:01","modified_gmt":"2025-10-10T18:37:01","slug":"mexico-reacciona-a-acuerdo-de-paz-entre-israel-y-hamas","status":"publish","type":"post","link":"https:\/\/rnoticias.com.mx\/Portal\/2025\/10\/10\/mexico-reacciona-a-acuerdo-de-paz-entre-israel-y-hamas\/","title":{"rendered":"M\u00e9xico reacciona a acuerdo de paz entre Israel y Ham\u00e1s"},"content":{"rendered":"<p><a href=\"https:\/\/www.informador.mx\/claudia-sheinbaum-t10826\" target=\"_blank\" rel=\"noopener\"><strong>Claudia Sheinbaum<\/strong><\/a>\u00a0celebr\u00f3 este viernes 10 de octubre la firma de la primera fase del Acuerdo de Paz entre Israel y Ham\u00e1s, impulsado por Estados Unidos, a la vez que mostr\u00f3 su esperanza de que sea &#8220;realmente un acuerdo de paz y soberan\u00eda&#8221;.<\/p>\n<p>&#8220;Yo creo que lo importante ahora es rescatar este acuerdo de paz que parece se ha llegado, lo ha reconocido Ham\u00e1s en la Franja de Gaza, el Gobierno de Israel, esta negociaci\u00f3n que, pues, encabez\u00f3 principalmente el gobierno de los\u00a0<a href=\"https:\/\/www.informador.mx\/estados-unidos-t359\" target=\"_blank\" rel=\"noopener\"><strong>Estados Unidos<\/strong><\/a>&#8220;, reaccion\u00f3 la Presidenta de M\u00e9xico en &#8220;La Ma\u00f1anera del Pueblo&#8221; en Palacio Nacional.<\/p>\n<p><mark><strong>&#8220;Esperemos que realmente sea un acuerdo de paz y de soberan\u00eda de los pueblos. Ese es nuestro pensamiento en este momento&#8221;,<\/strong><\/mark>\u00a0a\u00f1adi\u00f3.<\/p>\n<p>El acuerdo de alto el fuego e inicio de la primera fase del plan del presidente de Estados Unidos, Donald Trump, para la\u00a0<a href=\"https:\/\/www.informador.mx\/franja-de-gaza-t829\" target=\"_blank\" rel=\"noopener\"><strong>Franja de Gaza<\/strong><\/a>, entr\u00f3 en vigor este viernes a mediod\u00eda local, tras el repliegue de las tropas israel\u00edes de las urbes gazat\u00edes, seg\u00fan lo acordado.<\/p>\n<p>El ej\u00e9rcito de\u00a0<a href=\"https:\/\/www.informador.mx\/israel-t1536\" target=\"_blank\" rel=\"noopener\"><strong>Israel<\/strong><\/a>\u00a0mat\u00f3 ayer jueves a 17 personas e hiri\u00f3 a otras 71, inform\u00f3 hoy el Ministerio de Sanidad gazat\u00ed en su recuento diario, en el que fue el \u00faltimo d\u00eda antes de la entrada en vigor oficial del alto el fuego en la Franja.<\/p>\n<p><strong>Seg\u00fan el Ministerio, 67 mil 211 personas han muerto desde el inicio de la ofensiva israel\u00ed en octubre de 2023, mientras que cerca de 167 mil resultaron heridas.<\/strong><\/p>\n<p>Tras el repliegue de las tropas a la conocida como &#8220;l\u00ednea amarilla&#8221; dentro de la Franja \u2014por el color del mapa que ofreci\u00f3 la Casa Blanca al anunciar el acuerdo\u2014, la agencia\u00a0<i>EFE<\/i>\u00a0pudo comprobar c\u00f3mo miles de gazat\u00edes comenzaron a desplazarse al norte, hacia la ciudad de Gaza, por la v\u00eda costera de Al Rashid.<\/p>\n<p>El vocero \u00e1rabe Avichay Adraee confirm\u00f3 en un comunicado que la circulaci\u00f3n del sur al norte de Gaza est\u00e1 permitida tanto por Rashid como la carretera de Salah al Din, pero advirti\u00f3 que cerca de Rafah (sur) y el norte del enclave \u2014Beit Hanoun, Beit Lahia y Shujaiya\u2014 siguen siendo peligrosas debido a la \u201cconcentraci\u00f3n de tropas\u201d, as\u00ed como ba\u00f1arse o navegar en el mar Mediterr\u00e1neo.<\/p>\n","protected":false},"excerpt":{"rendered":"<p>Claudia Sheinbaum\u00a0celebr\u00f3 este viernes 10 de octubre la firma de la primera fase del Acuerdo de Paz entre Israel y Ham\u00e1s, impulsado por Estados Unidos, a la vez que mostr\u00f3 su esperanza de que sea &#8220;realmente un acuerdo de paz y soberan\u00eda&#8221;. &#8220;Yo creo que lo importante ahora es rescatar este acuerdo de paz que [&hellip;]<\/p>\n","protected":false},"author":2,"featured_media":231916,"comment_status":"closed","ping_status":"closed","sticky":false,"template":"","format":"standard","meta":{"footnotes":""},"categories":[12870,172],"tags":[12865,12874],"class_list":["post-231915","post","type-post","status-publish","format-standard","has-post-thumbnail","hentry","category-destacadas","category-nacional","tag-destacadas","tag-nacional"],"jetpack_featured_media_url":"https:\/\/rnoticias.com.mx\/Portal\/wp-content\/uploads\/2025\/10\/9b0e2bc345f7e5371c4d3f27a6225d352b472156w-860x575-1.webp","amp_enabled":true,"_links":{"self":[{"href":"https:\/\/rnoticias.com.mx\/Portal\/wp-json\/wp\/v2\/posts\/231915","targetHints":{"allow":["GET"]}}],"collection":[{"href":"https:\/\/rnoticias.com.mx\/Portal\/wp-json\/wp\/v2\/posts"}],"about":[{"href":"https:\/\/rnoticias.com.mx\/Portal\/wp-json\/wp\/v2\/types\/post"}],"author":[{"embeddable":true,"href":"https:\/\/rnoticias.com.mx\/Portal\/wp-json\/wp\/v2\/users\/2"}],"replies":[{"embeddable":true,"href":"https:\/\/rnoticias.com.mx\/Portal\/wp-json\/wp\/v2\/comments?post=231915"}],"version-history":[{"count":1,"href":"https:\/\/rnoticias.com.mx\/Portal\/wp-json\/wp\/v2\/posts\/231915\/revisions"}],"predecessor-version":[{"id":231917,"href":"https:\/\/rnoticias.com.mx\/Portal\/wp-json\/wp\/v2\/posts\/231915\/revisions\/231917"}],"wp:featuredmedia":[{"embeddable":true,"href":"https:\/\/rnoticias.com.mx\/Portal\/wp-json\/wp\/v2\/media\/231916"}],"wp:attachment":[{"href":"https:\/\/rnoticias.com.mx\/Portal\/wp-json\/wp\/v2\/media?parent=231915"}],"wp:term":[{"taxonomy":"category","embeddable":true,"href":"https:\/\/rnoticias.com.mx\/Portal\/wp-json\/wp\/v2\/categories?post=231915"},{"taxonomy":"post_tag","embeddable":true,"href":"https:\/\/rnoticias.com.mx\/Portal\/wp-json\/wp\/v2\/tags?post=231915"}],"curies":[{"name":"wp","href":"https:\/\/api.w.org\/{rel}","templated":true}]}}