{"id":231890,"date":"2025-10-09T19:34:38","date_gmt":"2025-10-10T02:34:38","guid":{"rendered":"https:\/\/rnoticias.com.mx\/Portal\/?p=231890"},"modified":"2025-10-09T19:34:38","modified_gmt":"2025-10-10T02:34:38","slug":"unicef-alerta-de-ninos-mal-nutridos-en-mexico","status":"publish","type":"post","link":"https:\/\/rnoticias.com.mx\/Portal\/2025\/10\/09\/unicef-alerta-de-ninos-mal-nutridos-en-mexico\/","title":{"rendered":"UNICEF alerta de ni\u00f1os mal nutridos en M\u00e9xico"},"content":{"rendered":"<p><mark><strong>En M\u00e9xico, 13% de los menores de 5 a\u00f1os presentan retraso en su crecimiento y 7% padecen sobrepeso, cifra que no ha mejorado desde 2012;<\/strong><\/mark>\u00a0un 14% de los beb\u00e9s de 0 a cinco meses reciben lactancia materna exclusiva y 18% de menores de dos a\u00f1os no consumen frutas ni verduras a diario, de acuerdo con el informe Child Nutrition Report 2025.<\/p>\n<p>El Fondo de las Naciones Unidas para la Infancia (UNICEF, por sus siglas en ingl\u00e9s) advirti\u00f3 que<strong>\u00a0el entorno alimentario moderno satura a las familias con productos altos en az\u00facar, sal y grasas<\/strong>\u00a0\u2014en su mayor\u00eda dirigidos a los ni\u00f1os\u2014 que se presentan como saludables o divertidos.<\/p>\n<p><strong>&#8220;Ya no hablamos s\u00f3lo de escasez de alimentos, sino de entornos donde lo disponible y accesible son productos ultraprocesados que desplazan frutas, verduras y prote\u00ednas&#8221;,<\/strong>\u00a0se\u00f1al\u00f3 UNICEF: &#8220;No es s\u00f3lo una cuesti\u00f3n de decisiones individuales, es un entorno alimentario t\u00f3xico que empuja a las familias hacia opciones baratas, adictivas y da\u00f1inas&#8221;, alert\u00f3.<\/p>\n<p>Pese a que el gobierno implementa medidas, algunas fueron precipitadas y sin contemplar opciones viables para las familias considerando el costo e informaci\u00f3n al alcance, dijo Josefa Gallego, experta en Nutrici\u00f3n Infantil.\u00a0<strong>Ejemplo de ello fue la prohibici\u00f3n de alimentos ultraprocesados y comida chatarra en escuelas, una norma que no tom\u00f3 en cuenta informar y educar a los padres de familia,\u00a0<\/strong>pues muchos desconocen con qu\u00e9 opciones nutritivas pueden reemplazar esos alimentos, explic\u00f3.<\/p>\n<p><mark><strong>&#8220;No hay informaci\u00f3n a la mano. Fue simplemente una ley que dio paso a la prohibici\u00f3n, pero no se inform\u00f3,\u00a0<\/strong><\/mark>no se educ\u00f3 a las familias y les dijo: \u2018Esto deber\u00eda llevar una lonchera saludable, equilibrada, lo que deber\u00eda ser el desayuno de los ni\u00f1os, lo que deben comer para estar concentrados, nutrirse, y poder rendir\u2019; es una buena pol\u00edtica, pero hay que trabajarla m\u00e1s. Se debe educar desde la casa que es el n\u00facleo y al personal de las escuelas&#8221;, remarc\u00f3.<\/p>\n<p><strong>A\u00f1adi\u00f3 que la obesidad infantil es una condici\u00f3n en la que un ni\u00f1o acumula mayor porcentaje de grasa corporal de la que se necesita.\u00a0<\/strong>Eso puede traer diferentes problemas y afectar los \u00f3rganos, huesos, el metabolismo y las emociones.<\/p>\n","protected":false},"excerpt":{"rendered":"<p>En M\u00e9xico, 13% de los menores de 5 a\u00f1os presentan retraso en su crecimiento y 7% padecen sobrepeso, cifra que no ha mejorado desde 2012;\u00a0un 14% de los beb\u00e9s de 0 a cinco meses reciben lactancia materna exclusiva y 18% de menores de dos a\u00f1os no consumen frutas ni verduras a diario, de acuerdo con [&hellip;]<\/p>\n","protected":false},"author":2,"featured_media":231891,"comment_status":"closed","ping_status":"closed","sticky":false,"template":"","format":"standard","meta":{"footnotes":""},"categories":[12870,172],"tags":[12865,12874],"class_list":["post-231890","post","type-post","status-publish","format-standard","has-post-thumbnail","hentry","category-destacadas","category-nacional","tag-destacadas","tag-nacional"],"jetpack_featured_media_url":"https:\/\/rnoticias.com.mx\/Portal\/wp-content\/uploads\/2025\/10\/UNI569410.webp","amp_enabled":true,"_links":{"self":[{"href":"https:\/\/rnoticias.com.mx\/Portal\/wp-json\/wp\/v2\/posts\/231890","targetHints":{"allow":["GET"]}}],"collection":[{"href":"https:\/\/rnoticias.com.mx\/Portal\/wp-json\/wp\/v2\/posts"}],"about":[{"href":"https:\/\/rnoticias.com.mx\/Portal\/wp-json\/wp\/v2\/types\/post"}],"author":[{"embeddable":true,"href":"https:\/\/rnoticias.com.mx\/Portal\/wp-json\/wp\/v2\/users\/2"}],"replies":[{"embeddable":true,"href":"https:\/\/rnoticias.com.mx\/Portal\/wp-json\/wp\/v2\/comments?post=231890"}],"version-history":[{"count":1,"href":"https:\/\/rnoticias.com.mx\/Portal\/wp-json\/wp\/v2\/posts\/231890\/revisions"}],"predecessor-version":[{"id":231892,"href":"https:\/\/rnoticias.com.mx\/Portal\/wp-json\/wp\/v2\/posts\/231890\/revisions\/231892"}],"wp:featuredmedia":[{"embeddable":true,"href":"https:\/\/rnoticias.com.mx\/Portal\/wp-json\/wp\/v2\/media\/231891"}],"wp:attachment":[{"href":"https:\/\/rnoticias.com.mx\/Portal\/wp-json\/wp\/v2\/media?parent=231890"}],"wp:term":[{"taxonomy":"category","embeddable":true,"href":"https:\/\/rnoticias.com.mx\/Portal\/wp-json\/wp\/v2\/categories?post=231890"},{"taxonomy":"post_tag","embeddable":true,"href":"https:\/\/rnoticias.com.mx\/Portal\/wp-json\/wp\/v2\/tags?post=231890"}],"curies":[{"name":"wp","href":"https:\/\/api.w.org\/{rel}","templated":true}]}}