{"id":231887,"date":"2025-10-09T19:32:15","date_gmt":"2025-10-10T02:32:15","guid":{"rendered":"https:\/\/rnoticias.com.mx\/Portal\/?p=231887"},"modified":"2025-10-09T19:32:15","modified_gmt":"2025-10-10T02:32:15","slug":"reto-del-ine-impulsar-la-participacion-politica-de-las-juventudes-diversas","status":"publish","type":"post","link":"https:\/\/rnoticias.com.mx\/Portal\/2025\/10\/09\/reto-del-ine-impulsar-la-participacion-politica-de-las-juventudes-diversas\/","title":{"rendered":"Reto del INE: impulsar la participaci\u00f3n pol\u00edtica de las juventudes diversas"},"content":{"rendered":"<p class=\"x_MsoNormal\"><span data-olk-copy-source=\"MessageBody\">Como parte del Plan de implementaci\u00f3n de la 4\u00aa edici\u00f3n del Concurso Nacional \u201cTejiendo Redes Ciudadanas por Juventudes Diversas\u201d, el Instituto Nacional Electoral (INE) llev\u00f3 a cabo el\u00a0<a name=\"x__Hlk210738481\"><\/a>Conversatorio Nacional \u201cJuventudes que transforman: voces diversas por la democracia\u201d.<\/span><\/p>\n<p class=\"x_MsoNormal\">\n<p class=\"x_MsoNormal\">Este espacio tuvo como objetivo generar la reflexi\u00f3n colectiva e intergeneracional entre juventudes diversas y autoridades administrativas en materia electoral quienes abordaron diferentes tem\u00e1ticas del Concurso como: el ejercicio del voto de las juventudes; liderazgos juveniles y su participaci\u00f3n en causas sociales; estrategias para impulsar los liderazgos de las mujeres j\u00f3venes; ciberactivismo y la importancia de la participaci\u00f3n pol\u00edtica de las juventudes, entre otros.<\/p>\n<p class=\"x_MsoNormal\">\n<p class=\"x_MsoNormal\">\u201cLo que queremos no s\u00f3lo es construir un puente entre las juventudes y la participaci\u00f3n pol\u00edtica que va m\u00e1s all\u00e1 de que podamos votar. Sabemos que la construcci\u00f3n y el ejercicio de la ciudadan\u00eda tiene que ser cotidiano\u201d, se\u00f1al\u00f3 la Consejera Norma Irene De La Cruz Maga\u00f1a.<\/p>\n<p class=\"x_MsoNormal\">\n<p class=\"x_MsoNormal\">Refiri\u00f3 que pese a que en el Padr\u00f3n Electoral est\u00e1n registrados aproximadamente 26 millones de j\u00f3venes, de los que el 49.3 por ciento son hombres y el 50.7 por ciento son mujeres, el grupo etario que menos vota son los varones de entre 19 y 29 a\u00f1os, por lo que el Conversatorio es \u201cun acercamiento no s\u00f3lo para reflexionar c\u00f3mo participamos, qu\u00e9 liderazgos necesitan y requieren las juventudes diversas, qu\u00e9 alianzas estrat\u00e9gicas son necesarias para que podamos consolidar no s\u00f3lo las agendas y la toma de decisiones, y c\u00f3mo se puede maximizar la participaci\u00f3n pol\u00edtica\u201d.<\/p>\n<p class=\"x_MsoNormal\">\n<p class=\"x_MsoNormal\">Uno de los grandes enfoques que tiene el INE es dirigirse a las juventudes, sostuvo la Consejera Rita Bell L\u00f3pez Vences, al agradecer a las y los j\u00f3venes que desaf\u00eden estereotipos, que sue\u00f1en en transformar el mundo y enfoquen sus esfuerzos en hacer cambios importantes en la sociedad.<\/p>\n<p class=\"x_MsoNormal\">\n<p class=\"x_MsoNormal\">\u201cEsperamos que este encuentro nos siga inspirando, nos siga abriendo una ventana hacia las juventudes, hacia lo que sue\u00f1an, hacia lo que desean y, por supuesto, nos impulse a seguir creando y creyendo que un mundo distinto, diverso y digno, es posible para todas y para todos\u201d, a\u00f1adi\u00f3.<\/p>\n<p class=\"x_MsoNormal\">\n<p class=\"x_MsoNormal\"><b><i>Juventudes diversas son el punto de partida para construir democracia<\/i><\/b><\/p>\n<p class=\"x_MsoNormal\"><b><i>\u00a0<\/i><\/b><\/p>\n<p class=\"x_MsoNormal\">Ante el Director General de Yaaj Transformando tu Vida A.C., Iv\u00e1n Tagle; integrantes de la Junta General Ejecutiva y juventudes, la Encargada de Despacho de la Direcci\u00f3n Ejecutiva de Capacitaci\u00f3n Electoral y Educaci\u00f3n C\u00edvica del INE, Iliana Araceli Hern\u00e1ndez G\u00f3mez, consider\u00f3 que las juventudes diversas son el punto de partida para construir democracia y participaci\u00f3n ciudadana.<\/p>\n<p class=\"x_MsoNormal\">\n<p class=\"x_MsoNormal\">El reto del INE dijo, es motivar a estas juventudes a la participaci\u00f3n y a que \u201ctengan claro que su voz va a ser escuchada, que su voz generar\u00e1 cambios al interior de nuestros estados, de nuestro pa\u00eds en general y, por supuesto, de las instituciones que conformamos el Estado mexicano\u201d.<\/p>\n<p class=\"x_MsoNormal\">\n<p class=\"x_MsoNormal\">El Director General de Yaaj, Iv\u00e1n Tagle, celebr\u00f3 el encuentro, \u201cporque nos aleja de una cultura de la cancelaci\u00f3n, para buscar puentes que nos ayuden a reducir las desigualdades a trav\u00e9s de la cultura, la poes\u00eda, la comunicaci\u00f3n, las redes digitales\u201d.<\/p>\n<p class=\"x_MsoNormal\">\n<p class=\"x_MsoNormal\">Afirm\u00f3 que las juventudes no son el futuro del pa\u00eds, son el presente transformador, por lo que ponder\u00f3 la participaci\u00f3n de las personas j\u00f3venes y manifest\u00f3 la esperanza de que las juventudes den un paso adelante para poder garantizar los derechos de todas las personas.<\/p>\n<p class=\"x_MsoNormal\"><b>\u00a0<\/b><\/p>\n<p class=\"x_MsoNormal\"><b><i>Participar para lograr una sociedad plural y diversa<\/i><\/b><\/p>\n<p class=\"x_MsoNormal\"><b><i>\u00a0<\/i><\/b><\/p>\n<p class=\"x_MsoNormal\">En el primer panel \u201cEjercicio del voto de las juventudes y su participaci\u00f3n en los procesos electorales\u201d, participaron la Consejera Claudia Zavala, el Consejero Jorge Monta\u00f1o Ventura; el activista LGBTIQ+, defensor de derechos humanos y experto en el voto juvenil, Eduardo Mart\u00edn Piedra y Betzabeth Mart\u00ednez Guti\u00e9rrez, experta en liderazgos juveniles y portavoz ante la ONU sobre los Impactos del Cambio Clim\u00e1tico en Santiago Matatl\u00e1n, Oaxaca. El panel fue moderado por el Coordinadore de la Agenda de Juventudes de Yaaj M\u00e9xico, Danny Ehuan.<\/p>\n<p class=\"x_MsoNormal\">\n<p class=\"x_MsoNormal\">Su participaci\u00f3n es un aporte al sistema, puntualiz\u00f3 el Consejero Jorge Monta\u00f1o, quien los invit\u00f3 a participar y a no permitir que les digan que son el futuro de una sociedad, porque \u201cles est\u00e1n negando el presente y ustedes son el aqu\u00ed y el ahora\u201d.<\/p>\n<p class=\"x_MsoNormal\">\n<p class=\"x_MsoNormal\">Hay una apropiaci\u00f3n indebida de las personas adultas \u201cporque queremos seguir reproduciendo los cajones en los que los metieron\u201d, apunt\u00f3 la Consejera Claudia Zavala, quien les mostr\u00f3 que cuando los j\u00f3venes participan, hay cambios y \u201ccimbran el adultocentrismo\u201d, por lo que los convoc\u00f3 a no dejar \u201cque los encajonen\u201d y a que participen para convertir en una realidad el ejercicio de todos los cargos, en sus diversidades para lograr la sociedad que queremos: plural y diversa.<\/p>\n<p class=\"x_MsoNormal\">\n<p class=\"x_MsoNormal\">En el segundo panel participaron la comunicadora feminista mexiquense, cofundadora del taller de Meztli, Natali Ixchel T\u00e9llez Col\u00edn; la Consejera Rita Bell L\u00f3pez; la Consejera Norma De La Cruz; la historiadora con perspectiva de g\u00e9nero, fundadora de UADY Sin Acoso y experta en prevenci\u00f3n de la violencia pol\u00edtica digital, Rosa Cruz Pech y la Magistrada de Circuito en Materia Administrativa, Ximena Jim\u00e9nez Garc\u00eda.<\/p>\n<p class=\"x_MsoNormal\">\n<p class=\"x_MsoNormal\">Las personas que participaron en este panel abordaron temas como: estrategias para impulsar los liderazgos y las alianzas de las mujeres j\u00f3venes, participaci\u00f3n pol\u00edtica de las juventudes en los medios digitales y sobre el impacto pueden generar las juventudes diversas (LGBTI+, ind\u00edgenas, afromexicanas, con discapacidad, entre otras) cuando participan activamente en la vida pol\u00edtica.<\/p>\n<p class=\"x_MsoNormal\">\n<p class=\"x_MsoNormal\">Finalmente, en este Conversatorio se enfatiz\u00f3 que la 4\u00aa edici\u00f3n del Concurso Nacional \u201cTejiendo Redes Ciudadanas por Juventudes Diversas\u201d busca promover la participaci\u00f3n de las juventudes diversas del pa\u00eds en torno al ejercicio de sus derechos pol\u00edticos y electorales y, de acuerdo con la convocatoria emitida el pasado 12 de agosto, podr\u00e1n participar las personas j\u00f3venes que tengan entre 18 y 29 a\u00f1os\u00a0 y que env\u00eden sus trabajos a m\u00e1s tardar el 15 de octubre en las categor\u00eda de\u00a0 cuento corto, video corto, ilustraci\u00f3n digital y poes\u00eda a la siguiente direcci\u00f3n\u00a0<a title=\"https:\/\/es.surveymonkey.com\/r\/B295SVL\" href=\"https:\/\/es.surveymonkey.com\/r\/B295SVL\" target=\"_blank\" rel=\"noopener noreferrer\" data-auth=\"NotApplicable\" data-linkindex=\"0\">https:\/\/es.surveymonkey.com\/r\/B295SVL<\/a><\/p>\n","protected":false},"excerpt":{"rendered":"<p>Como parte del Plan de implementaci\u00f3n de la 4\u00aa edici\u00f3n del Concurso Nacional \u201cTejiendo Redes Ciudadanas por Juventudes Diversas\u201d, el Instituto Nacional Electoral (INE) llev\u00f3 a cabo el\u00a0Conversatorio Nacional \u201cJuventudes que transforman: voces diversas por la democracia\u201d. Este espacio tuvo como objetivo generar la reflexi\u00f3n colectiva e intergeneracional entre juventudes diversas y autoridades administrativas en [&hellip;]<\/p>\n","protected":false},"author":2,"featured_media":231888,"comment_status":"closed","ping_status":"closed","sticky":false,"template":"","format":"standard","meta":{"footnotes":""},"categories":[12870,12868],"tags":[12865,12879],"class_list":["post-231887","post","type-post","status-publish","format-standard","has-post-thumbnail","hentry","category-destacadas","category-politica","tag-destacadas","tag-politica"],"jetpack_featured_media_url":"https:\/\/rnoticias.com.mx\/Portal\/wp-content\/uploads\/2025\/10\/Tejiendo-Redes-Ciudadanas-por-juventudes-diversas.jpeg","amp_enabled":true,"_links":{"self":[{"href":"https:\/\/rnoticias.com.mx\/Portal\/wp-json\/wp\/v2\/posts\/231887","targetHints":{"allow":["GET"]}}],"collection":[{"href":"https:\/\/rnoticias.com.mx\/Portal\/wp-json\/wp\/v2\/posts"}],"about":[{"href":"https:\/\/rnoticias.com.mx\/Portal\/wp-json\/wp\/v2\/types\/post"}],"author":[{"embeddable":true,"href":"https:\/\/rnoticias.com.mx\/Portal\/wp-json\/wp\/v2\/users\/2"}],"replies":[{"embeddable":true,"href":"https:\/\/rnoticias.com.mx\/Portal\/wp-json\/wp\/v2\/comments?post=231887"}],"version-history":[{"count":1,"href":"https:\/\/rnoticias.com.mx\/Portal\/wp-json\/wp\/v2\/posts\/231887\/revisions"}],"predecessor-version":[{"id":231889,"href":"https:\/\/rnoticias.com.mx\/Portal\/wp-json\/wp\/v2\/posts\/231887\/revisions\/231889"}],"wp:featuredmedia":[{"embeddable":true,"href":"https:\/\/rnoticias.com.mx\/Portal\/wp-json\/wp\/v2\/media\/231888"}],"wp:attachment":[{"href":"https:\/\/rnoticias.com.mx\/Portal\/wp-json\/wp\/v2\/media?parent=231887"}],"wp:term":[{"taxonomy":"category","embeddable":true,"href":"https:\/\/rnoticias.com.mx\/Portal\/wp-json\/wp\/v2\/categories?post=231887"},{"taxonomy":"post_tag","embeddable":true,"href":"https:\/\/rnoticias.com.mx\/Portal\/wp-json\/wp\/v2\/tags?post=231887"}],"curies":[{"name":"wp","href":"https:\/\/api.w.org\/{rel}","templated":true}]}}