{"id":231884,"date":"2025-10-09T19:30:24","date_gmt":"2025-10-10T02:30:24","guid":{"rendered":"https:\/\/rnoticias.com.mx\/Portal\/?p=231884"},"modified":"2025-10-09T19:30:24","modified_gmt":"2025-10-10T02:30:24","slug":"conmemora-ine-el-dia-internacional-de-las-ninas-y-subraya-la-importancia-de-garantizar-su-participacion-en-democracia","status":"publish","type":"post","link":"https:\/\/rnoticias.com.mx\/Portal\/2025\/10\/09\/conmemora-ine-el-dia-internacional-de-las-ninas-y-subraya-la-importancia-de-garantizar-su-participacion-en-democracia\/","title":{"rendered":"Conmemora INE el D\u00eda Internacional de las ni\u00f1as y subraya la importancia de garantizar su participaci\u00f3n en democracia"},"content":{"rendered":"<p class=\"x_MsoNormal\"><span data-olk-copy-source=\"MessageBody\">El Instituto Nacional Electoral (INE), a trav\u00e9s de la Unidad T\u00e9cnica de Igualdad de G\u00e9nero y No Discriminaci\u00f3n, se uni\u00f3 a la conmemoraci\u00f3n del D\u00eda Internacional de las ni\u00f1as, con el evento \u201cLas voces de las ni\u00f1as tambi\u00e9n cuentan en la democracia\u201d, destacando que la exclusi\u00f3n de cualquier voz resta calidad al sistema democr\u00e1tico del pa\u00eds.<\/span><\/p>\n<p class=\"x_MsoNormal\">\n<p class=\"x_MsoNormal\">\u201cEl D\u00eda Internacional de las ni\u00f1as fue decretado por la Organizaci\u00f3n de las Naciones Unidas con el objetivo de visibilizar las desigualdades que persisten y que se van creando desde la infancia, a fin de hacer acciones a favor de este sector y lograr la igualdad entre ni\u00f1as y ni\u00f1os\u201d, explic\u00f3 la Consejera Rita Bell L\u00f3pez Vences.<\/p>\n<p class=\"x_MsoNormal\">\n<p class=\"x_MsoNormal\">Ante estudiantes de la Escuela Primaria Federal Biling\u00fce Tlaltekokomitl, la tambi\u00e9n presidenta de la Comisi\u00f3n de Igualdad de G\u00e9nero y No Discriminaci\u00f3n se\u00f1al\u00f3 que anteriormente las ni\u00f1as eran excluidas, incluso de los festejos y se ten\u00edan que unir a la celebraci\u00f3n del \u201cD\u00eda del Ni\u00f1o\u201d.<\/p>\n<p class=\"x_MsoNormal\">\n<p class=\"x_MsoNormal\">Todos tenemos derechos y obligaciones como ciudadanas y ciudadanos \u201cy ustedes, aunque sean chiquitas y chiquitos tienen derechos\u201d, quien falte en nuestro pa\u00eds sin ser escuchado, estar\u00eda rest\u00e1ndole calidad a la democracia, dijo L\u00f3pez Vences.<\/p>\n<p class=\"x_MsoNormal\">\n<p class=\"x_MsoNormal\">La Consejera celebr\u00f3 la conmemoraci\u00f3n del 11 de octubre para hablar sobre las ni\u00f1as y las desigualdades. \u201cDesde esta etapa de la vida darles toda la informaci\u00f3n acerca de que tienen derecho a la justicia, a la igualdad, a una buena alimentaci\u00f3n, entre otros\u201d, se\u00f1al\u00f3.<\/p>\n<p class=\"x_MsoNormal\">\n<p class=\"x_MsoNormal\">Invit\u00f3 a las ni\u00f1as y a los ni\u00f1os a participar. \u201cEn el INE, queremos escucharles siempre y que sea una costumbre para que, cuando haya un espacio para opinar y participar, lo hagan en un contexto de respeto, de cuidado y sean escuchados\u201d, apunt\u00f3.<\/p>\n<p class=\"x_MsoNormal\">\n<p class=\"x_MsoNormal\">Refiri\u00f3 que el INE, algunas veces en coordinaci\u00f3n con organizaciones civiles, lleva a cabo actividades para fomentar la participaci\u00f3n temprana de las ni\u00f1as y los ni\u00f1os, as\u00ed como de liderazgo para las juventudes. Como ejemplo, mencion\u00f3 la Consulta Infantil y Juvenil 2024, dise\u00f1ada para que este sector ejerza su derecho a expresarse sobre temas de su vida cotidiana.<\/p>\n<p class=\"x_MsoNormal\">\n<p class=\"x_MsoNormal\">En el evento, una colectiva cuentacuentos hizo la lectura de \u201cAnnia la Venadita\u201d, obra escrita por Georgina Mart\u00ednez e ilustrada por Tania Ju\u00e1rez, que forma parte de la colecci\u00f3n \u00c1rbol, propuesta literaria del INE dirigida a ni\u00f1as, ni\u00f1os y adolescentes.<\/p>\n<p class=\"x_MsoNormal\">\n<p class=\"x_MsoNormal\">A la conmemoraci\u00f3n asistieron: la Directora de la Unidad T\u00e9cnica de Igualdad de G\u00e9nero y No Discriminaci\u00f3n del INE, Flor Dessir\u00e9 Le\u00f3n Hern\u00e1ndez; la Secretaria de Educaci\u00f3n de la entidad, Karla Aline Herrera Alonso; el presidente Municipal de la Xoxocotla, Jos\u00e9 Carlos Jim\u00e9nez Ponciano; el Encargado de Despacho de la Direcci\u00f3n General del Instituto de Educaci\u00f3n B\u00e1sica de Morelos (IEBEM), Ra\u00fal Aguirre; la Coordinadora de educaci\u00f3n ind\u00edgena, Epifan\u00eda Tecla Cher\u00f3n, el director de la escuela primaria Tlaltekokomitl, Mois\u00e9s Bello Estrada, el Vocal Ejecutivo del INE Morelos, Dagoberto Santos Trigo y representantes de la organizaci\u00f3n civil \u201cLa Jugarreta\u201d.<\/p>\n","protected":false},"excerpt":{"rendered":"<p>El Instituto Nacional Electoral (INE), a trav\u00e9s de la Unidad T\u00e9cnica de Igualdad de G\u00e9nero y No Discriminaci\u00f3n, se uni\u00f3 a la conmemoraci\u00f3n del D\u00eda Internacional de las ni\u00f1as, con el evento \u201cLas voces de las ni\u00f1as tambi\u00e9n cuentan en la democracia\u201d, destacando que la exclusi\u00f3n de cualquier voz resta calidad al sistema democr\u00e1tico del [&hellip;]<\/p>\n","protected":false},"author":2,"featured_media":231885,"comment_status":"closed","ping_status":"closed","sticky":false,"template":"","format":"standard","meta":{"footnotes":""},"categories":[12870,12868],"tags":[12865,12879],"class_list":["post-231884","post","type-post","status-publish","format-standard","has-post-thumbnail","hentry","category-destacadas","category-politica","tag-destacadas","tag-politica"],"jetpack_featured_media_url":"https:\/\/rnoticias.com.mx\/Portal\/wp-content\/uploads\/2025\/10\/WhatsApp-Image-2025-10-09-at-2.28.26-PM.jpeg","amp_enabled":true,"_links":{"self":[{"href":"https:\/\/rnoticias.com.mx\/Portal\/wp-json\/wp\/v2\/posts\/231884","targetHints":{"allow":["GET"]}}],"collection":[{"href":"https:\/\/rnoticias.com.mx\/Portal\/wp-json\/wp\/v2\/posts"}],"about":[{"href":"https:\/\/rnoticias.com.mx\/Portal\/wp-json\/wp\/v2\/types\/post"}],"author":[{"embeddable":true,"href":"https:\/\/rnoticias.com.mx\/Portal\/wp-json\/wp\/v2\/users\/2"}],"replies":[{"embeddable":true,"href":"https:\/\/rnoticias.com.mx\/Portal\/wp-json\/wp\/v2\/comments?post=231884"}],"version-history":[{"count":1,"href":"https:\/\/rnoticias.com.mx\/Portal\/wp-json\/wp\/v2\/posts\/231884\/revisions"}],"predecessor-version":[{"id":231886,"href":"https:\/\/rnoticias.com.mx\/Portal\/wp-json\/wp\/v2\/posts\/231884\/revisions\/231886"}],"wp:featuredmedia":[{"embeddable":true,"href":"https:\/\/rnoticias.com.mx\/Portal\/wp-json\/wp\/v2\/media\/231885"}],"wp:attachment":[{"href":"https:\/\/rnoticias.com.mx\/Portal\/wp-json\/wp\/v2\/media?parent=231884"}],"wp:term":[{"taxonomy":"category","embeddable":true,"href":"https:\/\/rnoticias.com.mx\/Portal\/wp-json\/wp\/v2\/categories?post=231884"},{"taxonomy":"post_tag","embeddable":true,"href":"https:\/\/rnoticias.com.mx\/Portal\/wp-json\/wp\/v2\/tags?post=231884"}],"curies":[{"name":"wp","href":"https:\/\/api.w.org\/{rel}","templated":true}]}}