{"id":231881,"date":"2025-10-09T19:29:32","date_gmt":"2025-10-10T02:29:32","guid":{"rendered":"https:\/\/rnoticias.com.mx\/Portal\/?p=231881"},"modified":"2025-10-09T19:29:32","modified_gmt":"2025-10-10T02:29:32","slug":"arranca-la-cuarta-edicion-del-concurso-de-fotografia-una-mirada-a-la-discapacidad-de-dif-hermosillo","status":"publish","type":"post","link":"https:\/\/rnoticias.com.mx\/Portal\/2025\/10\/09\/arranca-la-cuarta-edicion-del-concurso-de-fotografia-una-mirada-a-la-discapacidad-de-dif-hermosillo\/","title":{"rendered":"Arranca la cuarta edici\u00f3n del concurso de fotograf\u00eda &#8220;Una Mirada a la Discapacidad&#8221; de DIF Hermosillo"},"content":{"rendered":"<p><b data-olk-copy-source=\"MessageBody\">Hermosillo, Sonora; 9 de octubre, 2025.-<\/b>\u00a0\u201cEste a\u00f1o m\u00e1s que nunca buscamos transmitir una perspectiva que humanice y que muestre la vida cotidiana de las personas con discapacidad, destacando sus logros y desaf\u00edos, pero sobre todo reafirmando su derecho de ser parte activa de la sociedad, como cualquier persona\u201d, destac\u00f3 Madeleine Bonnafoux Alcaraz, directora de DIF Hermosillo al invitar al concurso \u201cUna Mirada a la Discapacidad&#8221;.<\/p>\n<p aria-hidden=\"true\">\n<p>La funcionaria municipal anunci\u00f3 la convocatoria al concurso \u201cUna Mirada a la Discapacidad\u201d, cuarta edici\u00f3n, acompa\u00f1ada por Marianna Gonz\u00e1lez Gast\u00e9lum, directora del Instituto Municipal de Cultura y Arte (IMCA) y Jeannette Molina Caire, directora del Consejo Municipal para la Inclusi\u00f3n de Personas con Discapacidad (COMUDIS).<\/p>\n<p aria-hidden=\"true\">\n<p>Precis\u00f3 que las cifras del INEGI revelan que en Hermosillo viven 41 mil 409 personas con alg\u00fan tipo de discapacidad, de las cuales, el 47% es motora, el 26% intelectual, el 15% es visual y el 13% auditiva, datos que confirman la importancia de continuar creando conciencia a favor de la inclusi\u00f3n.<\/p>\n<p aria-hidden=\"true\">\n<p>Destac\u00f3 que \u201cUna Mirada a la Discapacidad\u201d, aporta al fortalecimiento del plan H Suma que promueven el Presidente Municipal Antonio Astiazar\u00e1n y Patricia Ruibal, presidenta de DIF Hermosillo, la cual es una estrategia que incorpora el trabajo a favor de la inclusi\u00f3n de las personas con discapacidad, tanto del gobierno como de la sociedad civil y las empresas.<\/p>\n<p aria-hidden=\"true\">\n<p>La directora de COMUDIS detall\u00f3 que las y los participantes en este concurso podr\u00e1n enviar hasta 3 fotos in\u00e9ditas, ya sea a color o en blanco y negro, a trav\u00e9s del correo electr\u00f3nico: convocatoriasdif2124@gmail.com, con fecha l\u00edmite el 18 de noviembre de 2025. El fallo por parte del jurado se dar\u00e1 a conocer del 20 al 28 de noviembre de este mismo a\u00f1o.<\/p>\n<p aria-hidden=\"true\">\n<p>Deber\u00e1n adjuntar tambi\u00e9n un archivo PDF que contenga sus datos personales y de localizaci\u00f3n, as\u00ed como un t\u00edtulo para cada imagen enviada en formato digital .jpg o png, con al menos 300 dpi de resoluci\u00f3n.<\/p>\n<p aria-hidden=\"true\">\n<p>La directora del IMCA expres\u00f3 su benepl\u00e1cito de hacer equipo con DIF Hermosillo en esta convocatoria que suma el arte de la fotograf\u00eda con la empat\u00eda, con el objetivo de visibilizar la fortaleza y la resiliencia de quienes viven con alg\u00fan tipo de discapacidad.<\/p>\n<p aria-hidden=\"true\">\n<p>Quienes se interesen en participar en este concurso, sin importar que tengan o no formaci\u00f3n profesional en fotograf\u00eda, pueden consultar o descargar la convocatoria completa desde las redes sociales de DIF Municipal o bien comunicarse a los n\u00fameros telef\u00f3nicos 6621 35 91 54 y 6622 54 54 12.<\/p>\n<p aria-hidden=\"true\">\n","protected":false},"excerpt":{"rendered":"<p>Hermosillo, Sonora; 9 de octubre, 2025.-\u00a0\u201cEste a\u00f1o m\u00e1s que nunca buscamos transmitir una perspectiva que humanice y que muestre la vida cotidiana de las personas con discapacidad, destacando sus logros y desaf\u00edos, pero sobre todo reafirmando su derecho de ser parte activa de la sociedad, como cualquier persona\u201d, destac\u00f3 Madeleine Bonnafoux Alcaraz, directora de DIF [&hellip;]<\/p>\n","protected":false},"author":2,"featured_media":231882,"comment_status":"closed","ping_status":"closed","sticky":false,"template":"","format":"standard","meta":{"footnotes":""},"categories":[12870,178],"tags":[12865,12869],"class_list":["post-231881","post","type-post","status-publish","format-standard","has-post-thumbnail","hentry","category-destacadas","category-local","tag-destacadas","tag-local"],"jetpack_featured_media_url":"https:\/\/rnoticias.com.mx\/Portal\/wp-content\/uploads\/2025\/10\/633.png","amp_enabled":true,"_links":{"self":[{"href":"https:\/\/rnoticias.com.mx\/Portal\/wp-json\/wp\/v2\/posts\/231881","targetHints":{"allow":["GET"]}}],"collection":[{"href":"https:\/\/rnoticias.com.mx\/Portal\/wp-json\/wp\/v2\/posts"}],"about":[{"href":"https:\/\/rnoticias.com.mx\/Portal\/wp-json\/wp\/v2\/types\/post"}],"author":[{"embeddable":true,"href":"https:\/\/rnoticias.com.mx\/Portal\/wp-json\/wp\/v2\/users\/2"}],"replies":[{"embeddable":true,"href":"https:\/\/rnoticias.com.mx\/Portal\/wp-json\/wp\/v2\/comments?post=231881"}],"version-history":[{"count":1,"href":"https:\/\/rnoticias.com.mx\/Portal\/wp-json\/wp\/v2\/posts\/231881\/revisions"}],"predecessor-version":[{"id":231883,"href":"https:\/\/rnoticias.com.mx\/Portal\/wp-json\/wp\/v2\/posts\/231881\/revisions\/231883"}],"wp:featuredmedia":[{"embeddable":true,"href":"https:\/\/rnoticias.com.mx\/Portal\/wp-json\/wp\/v2\/media\/231882"}],"wp:attachment":[{"href":"https:\/\/rnoticias.com.mx\/Portal\/wp-json\/wp\/v2\/media?parent=231881"}],"wp:term":[{"taxonomy":"category","embeddable":true,"href":"https:\/\/rnoticias.com.mx\/Portal\/wp-json\/wp\/v2\/categories?post=231881"},{"taxonomy":"post_tag","embeddable":true,"href":"https:\/\/rnoticias.com.mx\/Portal\/wp-json\/wp\/v2\/tags?post=231881"}],"curies":[{"name":"wp","href":"https:\/\/api.w.org\/{rel}","templated":true}]}}