{"id":231872,"date":"2025-10-09T19:21:36","date_gmt":"2025-10-10T02:21:36","guid":{"rendered":"https:\/\/rnoticias.com.mx\/Portal\/?p=231872"},"modified":"2025-10-09T19:21:36","modified_gmt":"2025-10-10T02:21:36","slug":"fortalece-gobierno-de-sonora-colaboracion-entre-cecyte-y-sipinna-en-beneficio-de-las-ninas-ninos-y-jovenes","status":"publish","type":"post","link":"https:\/\/rnoticias.com.mx\/Portal\/2025\/10\/09\/fortalece-gobierno-de-sonora-colaboracion-entre-cecyte-y-sipinna-en-beneficio-de-las-ninas-ninos-y-jovenes\/","title":{"rendered":"Fortalece Gobierno de Sonora colaboraci\u00f3n entre Cecyte y Sipinna en beneficio de las ni\u00f1as, ni\u00f1os y j\u00f3venes"},"content":{"rendered":"<table class=\"m_-501059514173926269layout\" border=\"0\" width=\"100%\" cellspacing=\"0\" cellpadding=\"0\">\n<tbody>\n<tr>\n<td class=\"m_-501059514173926269column m_-501059514173926269scale m_-501059514173926269stack\" align=\"center\" valign=\"top\">\n<table border=\"0\" width=\"100%\" cellspacing=\"0\" cellpadding=\"0\">\n<tbody>\n<tr>\n<td>\n<table class=\"m_-501059514173926269text\" border=\"0\" width=\"100%\" cellspacing=\"0\" cellpadding=\"0\">\n<tbody>\n<tr>\n<td class=\"m_-501059514173926269text_content-cell m_-501059514173926269content-padding-horizontal\" align=\"left\" valign=\"top\">Hermosillo, Sonora; 9 de octubre de 2025.- El Colegio de Estudios Cient\u00edficos y Tecnol\u00f3gicos del Estado de Sonora (Cecyte) y el Sistema Estatal de Protecci\u00f3n Integral de Ni\u00f1as, Ni\u00f1os y Adolescentes del Estado de Sonora (Sipinna) trabajar\u00e1n de manera coordinada para la fortalecer acciones de promoci\u00f3n, protecci\u00f3n y garant\u00eda de los derechos de ni\u00f1as, ni\u00f1os y adolescentes en la entidad.<\/p>\n<p>La directora general de Cecyte Sonora, Blanca Aurelia Valenzuela y la secretaria Ejecutiva de Sipinna, Carmen Luc\u00eda Mungu\u00eda Gallegos, firmaron un convenio de colaboraci\u00f3n con el objetivo de establecer una cooperaci\u00f3n estrat\u00e9gica para llevar a cabo actividades conjuntas de capacitaci\u00f3n, difusi\u00f3n y formaci\u00f3n, dirigidas tanto a estudiantes, personal docente y administrativo del subsistema, as\u00ed como a la comunidad en general.<\/p>\n<p>La titular del subsistema educativo expres\u00f3 que, con esta colaboraci\u00f3n, ambas instituciones podr\u00e1n dise\u00f1ar y ejecutar proyectos conjuntos, as\u00ed como establecer actividades que beneficien directamente a la comunidad estudiantil, su entorno familiar y social.<\/p>\n<p>Las acciones previstas incluir\u00e1n jornadas, talleres para padres y otros espacios participativos con enfoque principalmente en la crianza positiva, la prevenci\u00f3n de la violencia y el fortalecimiento del tejido social desde el \u00e1mbito educativo.<\/p>\n<p>Con esta alianza, Cecyte y Sipinna reafirman el compromiso del gobernador Alfonso Durazo con el desarrollo integral de ni\u00f1as, ni\u00f1os y adolescentes en Sonora, promoviendo entornos educativos m\u00e1s seguros, participativos y conscientes de los derechos fundamentales que garantizan su bienestar y crecimiento.<\/td>\n<\/tr>\n<\/tbody>\n<\/table>\n<\/td>\n<\/tr>\n<\/tbody>\n<\/table>\n<\/td>\n<\/tr>\n<\/tbody>\n<\/table>\n<table class=\"m_-501059514173926269layout\" border=\"0\" width=\"100%\" cellspacing=\"0\" cellpadding=\"0\">\n<tbody>\n<tr>\n<td class=\"m_-501059514173926269column m_-501059514173926269scale m_-501059514173926269stack\" align=\"center\" valign=\"top\">\n<table class=\"m_-501059514173926269image m_-501059514173926269image--mobile-scale m_-501059514173926269image--mobile-center\" border=\"0\" width=\"100%\" cellspacing=\"0\" cellpadding=\"0\">\n<tbody>\n<tr>\n<td class=\"m_-501059514173926269image_container m_-501059514173926269content-padding-horizontal\" align=\"center\" valign=\"top\"><\/td>\n<\/tr>\n<\/tbody>\n<\/table>\n<\/td>\n<\/tr>\n<\/tbody>\n<\/table>\n","protected":false},"excerpt":{"rendered":"<p>Hermosillo, Sonora; 9 de octubre de 2025.- El Colegio de Estudios Cient\u00edficos y Tecnol\u00f3gicos del Estado de Sonora (Cecyte) y el Sistema Estatal de Protecci\u00f3n Integral de Ni\u00f1as, Ni\u00f1os y Adolescentes del Estado de Sonora (Sipinna) trabajar\u00e1n de manera coordinada para la fortalecer acciones de promoci\u00f3n, protecci\u00f3n y garant\u00eda de los derechos de ni\u00f1as, ni\u00f1os [&hellip;]<\/p>\n","protected":false},"author":2,"featured_media":231873,"comment_status":"closed","ping_status":"closed","sticky":false,"template":"","format":"standard","meta":{"footnotes":""},"categories":[12870,178],"tags":[12865,12869],"class_list":["post-231872","post","type-post","status-publish","format-standard","has-post-thumbnail","hentry","category-destacadas","category-local","tag-destacadas","tag-local"],"jetpack_featured_media_url":"https:\/\/rnoticias.com.mx\/Portal\/wp-content\/uploads\/2025\/10\/23wa.jpg","amp_enabled":true,"_links":{"self":[{"href":"https:\/\/rnoticias.com.mx\/Portal\/wp-json\/wp\/v2\/posts\/231872","targetHints":{"allow":["GET"]}}],"collection":[{"href":"https:\/\/rnoticias.com.mx\/Portal\/wp-json\/wp\/v2\/posts"}],"about":[{"href":"https:\/\/rnoticias.com.mx\/Portal\/wp-json\/wp\/v2\/types\/post"}],"author":[{"embeddable":true,"href":"https:\/\/rnoticias.com.mx\/Portal\/wp-json\/wp\/v2\/users\/2"}],"replies":[{"embeddable":true,"href":"https:\/\/rnoticias.com.mx\/Portal\/wp-json\/wp\/v2\/comments?post=231872"}],"version-history":[{"count":1,"href":"https:\/\/rnoticias.com.mx\/Portal\/wp-json\/wp\/v2\/posts\/231872\/revisions"}],"predecessor-version":[{"id":231874,"href":"https:\/\/rnoticias.com.mx\/Portal\/wp-json\/wp\/v2\/posts\/231872\/revisions\/231874"}],"wp:featuredmedia":[{"embeddable":true,"href":"https:\/\/rnoticias.com.mx\/Portal\/wp-json\/wp\/v2\/media\/231873"}],"wp:attachment":[{"href":"https:\/\/rnoticias.com.mx\/Portal\/wp-json\/wp\/v2\/media?parent=231872"}],"wp:term":[{"taxonomy":"category","embeddable":true,"href":"https:\/\/rnoticias.com.mx\/Portal\/wp-json\/wp\/v2\/categories?post=231872"},{"taxonomy":"post_tag","embeddable":true,"href":"https:\/\/rnoticias.com.mx\/Portal\/wp-json\/wp\/v2\/tags?post=231872"}],"curies":[{"name":"wp","href":"https:\/\/api.w.org\/{rel}","templated":true}]}}