{"id":231869,"date":"2025-10-09T19:19:44","date_gmt":"2025-10-10T02:19:44","guid":{"rendered":"https:\/\/rnoticias.com.mx\/Portal\/?p=231869"},"modified":"2025-10-09T19:19:44","modified_gmt":"2025-10-10T02:19:44","slug":"chivas-y-america-calientan-en-redes-el-clasico-nacional-de-la-fecha-fifa","status":"publish","type":"post","link":"https:\/\/rnoticias.com.mx\/Portal\/2025\/10\/09\/chivas-y-america-calientan-en-redes-el-clasico-nacional-de-la-fecha-fifa\/","title":{"rendered":"Chivas y Am\u00e9rica calientan en redes el Cl\u00e1sico Nacional de la Fecha FIFA"},"content":{"rendered":"<p><strong>La Fecha FIFA se encuentra a la vuelta de la esquina;\u00a0<\/strong>debido a esto,\u00a0<mark><strong>no se llevar\u00e1 a cabo actividad este fin de semana en la Liga MX.<\/strong><\/mark><\/p>\n<p>No obstante, esto no fue impedimento para Chivas y Am\u00e9rica, quienes acordaron disputar un\u00a0<strong>Cl\u00e1sico Nacional en Estados Unidos.<\/strong><\/p>\n<p>Aunque no se trata de un partido oficial,\u00a0<mark><strong>los \u00e1nimos ya comenzaron a calentarse entre los dos clubes<\/strong><\/mark>\u00a0con mayor convocatoria en M\u00e9xico.<\/p>\n<div class=\" b2\"><\/div>\n<h3>Chivas y Am\u00e9rica encienden redes sociales<\/h3>\n<p>A pesar de tratarse de un duelo amistoso, esto no le quita relevancia, pues en redes sociales la pol\u00e9mica se ha encendido y los \u00e1nimos ya comenzaron a calentarse entre los dos clubes con mayor convocatoria en M\u00e9xico.<\/p>\n<p><mark><strong>La situaci\u00f3n ha trascendido tanto que ambos equipos han presumido sus t\u00edtulos.<\/strong><\/mark><\/p>\n<h3>Chivas \u00fanico tetracampe\u00f3n del futbol mexicano<\/h3>\n<p>Todo inici\u00f3 tras un trend en redes sociales al que Chivas se \u201csubi\u00f3\u201d y no desaprovech\u00f3 la oportunidad para burlarse de sus rivales. La actividad consiste en cambiar la biograf\u00eda del perfil con una burla hacia alg\u00fan contrincante, y<mark><strong>\u00a0Chivas encendi\u00f3 las redes al denominarse el \u00fanico tetracampe\u00f3n del f\u00fatbol mexicano.<\/strong><\/mark><\/p>\n<h3>Am\u00e9rica presume sus t\u00edtulos de Liga MX<\/h3>\n<p>Debido a esta acci\u00f3n de Chivas, Am\u00e9rica se apresur\u00f3 a seguir el trend en redes y\u00a0<mark><strong>presumi\u00f3 sus 16 t\u00edtulos de Liga MX.\u00a0<\/strong><\/mark>El club coloc\u00f3 en su biograf\u00eda 16 emojis de trofeos, haciendo alusi\u00f3n a sus 16 campeonatos de liga, lo que lo acredita como el club m\u00e1s ganador del futbol mexicano.<\/p>\n<div><\/div>\n<h3>\u00bfCu\u00e1ndo y d\u00f3nde ver el Cl\u00e1sico Nacional?<\/h3>\n<p><mark><strong>El Cl\u00e1sico Nacional se jugar\u00e1 el pr\u00f3ximo s\u00e1bado 11 de octubre\u00a0<\/strong><\/mark>en el Estadio de la Universidad de Phoenix, en Arizona, a las 21:00 horas, tiempo del centro de M\u00e9xico. La transmisi\u00f3n estar\u00e1 a cargo de TUDN.<\/p>\n","protected":false},"excerpt":{"rendered":"<p>La Fecha FIFA se encuentra a la vuelta de la esquina;\u00a0debido a esto,\u00a0no se llevar\u00e1 a cabo actividad este fin de semana en la Liga MX. No obstante, esto no fue impedimento para Chivas y Am\u00e9rica, quienes acordaron disputar un\u00a0Cl\u00e1sico Nacional en Estados Unidos. Aunque no se trata de un partido oficial,\u00a0los \u00e1nimos ya comenzaron [&hellip;]<\/p>\n","protected":false},"author":2,"featured_media":231870,"comment_status":"closed","ping_status":"closed","sticky":false,"template":"","format":"standard","meta":{"footnotes":""},"categories":[188,12870],"tags":[5231,12865],"class_list":["post-231869","post","type-post","status-publish","format-standard","has-post-thumbnail","hentry","category-deportes","category-destacadas","tag-deportes","tag-destacadas"],"jetpack_featured_media_url":"https:\/\/rnoticias.com.mx\/Portal\/wp-content\/uploads\/2025\/10\/IMG_0920.webp","amp_enabled":true,"_links":{"self":[{"href":"https:\/\/rnoticias.com.mx\/Portal\/wp-json\/wp\/v2\/posts\/231869","targetHints":{"allow":["GET"]}}],"collection":[{"href":"https:\/\/rnoticias.com.mx\/Portal\/wp-json\/wp\/v2\/posts"}],"about":[{"href":"https:\/\/rnoticias.com.mx\/Portal\/wp-json\/wp\/v2\/types\/post"}],"author":[{"embeddable":true,"href":"https:\/\/rnoticias.com.mx\/Portal\/wp-json\/wp\/v2\/users\/2"}],"replies":[{"embeddable":true,"href":"https:\/\/rnoticias.com.mx\/Portal\/wp-json\/wp\/v2\/comments?post=231869"}],"version-history":[{"count":1,"href":"https:\/\/rnoticias.com.mx\/Portal\/wp-json\/wp\/v2\/posts\/231869\/revisions"}],"predecessor-version":[{"id":231871,"href":"https:\/\/rnoticias.com.mx\/Portal\/wp-json\/wp\/v2\/posts\/231869\/revisions\/231871"}],"wp:featuredmedia":[{"embeddable":true,"href":"https:\/\/rnoticias.com.mx\/Portal\/wp-json\/wp\/v2\/media\/231870"}],"wp:attachment":[{"href":"https:\/\/rnoticias.com.mx\/Portal\/wp-json\/wp\/v2\/media?parent=231869"}],"wp:term":[{"taxonomy":"category","embeddable":true,"href":"https:\/\/rnoticias.com.mx\/Portal\/wp-json\/wp\/v2\/categories?post=231869"},{"taxonomy":"post_tag","embeddable":true,"href":"https:\/\/rnoticias.com.mx\/Portal\/wp-json\/wp\/v2\/tags?post=231869"}],"curies":[{"name":"wp","href":"https:\/\/api.w.org\/{rel}","templated":true}]}}