{"id":231857,"date":"2025-10-09T19:12:55","date_gmt":"2025-10-10T02:12:55","guid":{"rendered":"https:\/\/rnoticias.com.mx\/Portal\/?p=231857"},"modified":"2025-10-09T19:12:55","modified_gmt":"2025-10-10T02:12:55","slug":"simone-biles-rompe-el-silencio-sobre-salud-mental-y-deja-en-duda-su-futuro-olimpico","status":"publish","type":"post","link":"https:\/\/rnoticias.com.mx\/Portal\/2025\/10\/09\/simone-biles-rompe-el-silencio-sobre-salud-mental-y-deja-en-duda-su-futuro-olimpico\/","title":{"rendered":"Simone Biles rompe el silencio sobre salud mental y deja en duda su futuro ol\u00edmpico"},"content":{"rendered":"<p><strong>Simone Biles<\/strong>, la gimnasta m\u00e1s premiada de la historia con 11 medallas ol\u00edmpicas y 23 oros campeonatos mundiales, asegur\u00f3 este mi\u00e9rcoles durante una charla en Buenos Aires que persiste el estigma sobre la salud mental en el deporte y mantuvo la incertidumbre sobre su participaci\u00f3n en los Juegos Ol\u00edmpicos de Los \u00c1ngeles 2028.<\/p>\n<p><strong>&#8220;La salud mental (&#8230;) sigue siendo un gran estigma todav\u00eda en el mundo, particularmente en Estados Unidos, porque no se habla suficientemente de esto. Creo que es momento de romper con este estigma, dejar de mostrarlo como una debilidad y empezar a pensar lo que uno necesita&#8221;,<\/strong>\u00a0mencion\u00f3 Biles, en referencia a la situaci\u00f3n particular en el \u00e1mbito del deporte.<\/p>\n<p>Ante un auditorio repleto de j\u00f3venes y deportistas, Biles relat\u00f3 su experiencia, cuando en los Juegos Ol\u00edmpicos de Tokio 2020 decidi\u00f3 retirarse de la final por equipos y de varias competencias individuales para priorizar su salud mental, afectada por una crisis de ansiedad y un bloqueo que le imped\u00eda coordinar mente y cuerpo.<\/p>\n<p><strong>\u201cCreo que practicar y entrenar para Tokio me trajo a colaci\u00f3n muchas cuestiones de salud mental. Estaba muy enfocada en la salud f\u00edsica y dej\u00e9 de lado mi salud mental\u201d,<\/strong>\u00a0confes\u00f3 Biles, de 28 a\u00f1os.<\/p>\n<p>Desde entonces, la gimnasta se convirti\u00f3 en una referente para los atletas que atraviesan problemas de salud mental:\u00a0<strong>&#8220;Eleg\u00ed hacer un cambio, dejar de ser un modelo, un \u00edcono y pasar a ser un ser una humana que trata de ser lo m\u00e1s normal posible para que cuando alguien se me acerca podamos conectar en cualquier nivel m\u00e1s all\u00e1 de la gimnasia&#8221;.<\/strong><\/p>\n<p>Biles enfatiz\u00f3 que necesit\u00f3 de su familia, sus entrenadores, apoyo emocional y descanso para seguir adelante tras lo sucedido en Jap\u00f3n y para luego ganar la medalla de oro en los Juegos Ol\u00edmpicos de Par\u00eds 2024.<\/p>\n<p>La gimnasta asegur\u00f3 que actualmente se encuentra descansando de su entrenamiento pero no descart\u00f3 ser parte,\u00a0<strong>&#8220;para competir o estar en la hinchada&#8221;,<\/strong>\u00a0de los pr\u00f3ximos Juegos Ol\u00edmpicos que se realizar\u00e1n en Los \u00c1ngeles (Estados Unidos) en 2028.<\/p>\n<p><strong>Equidad en el deporte<\/strong><\/p>\n<p>El tema de la equidad de g\u00e9nero fue otro eje de la charla. Biles dijo que ver a atletas como la gimnasta Gabby Douglas le sirvi\u00f3 de inspiraci\u00f3n para saber que<strong>\u00a0&#8220;el cielo era el l\u00edmite&#8221;.<\/strong><\/p>\n<p>Explic\u00f3 adem\u00e1s que creci\u00f3 viendo mujeres negras en escenarios de \u00e9lite y agradeci\u00f3 poder inspirar hoy a ni\u00f1as y ni\u00f1os que se ven como ella cuando era chica y desean ser atletas.<strong>\u00a0\u201cHemos logrado nosotras, lo hemos hecho y queremos inspirar a los dem\u00e1s\u201d, remarc\u00f3.<\/strong><\/p>\n<p>La gimnasta expres\u00f3 su deseo de formar una familia en los pr\u00f3ximos a\u00f1os y colaborar activamente con el sistema de adopci\u00f3n, del que ella misma fue parte. Actualmente es mentora en la organizaci\u00f3n &#8216;Friends of the Children&#8217;, que acompa\u00f1a a ni\u00f1os y ni\u00f1as en ese proceso.<\/p>\n<p>Biles lleg\u00f3 a la capital argentina este lunes para participar en actividades vinculadas a la designaci\u00f3n de Buenos Aires como Capital Mundial del Deporte 2027. Fue recibida por el alcalde de Buenos Aires, Jorge Macri, y luego pos\u00f3 para una fotograf\u00eda con el futbolista uruguayo Edinson Cavani, delantero de Boca Juniors.<\/p>\n<p>Este jueves, ofrecer\u00e1 junto con su entrenadora una cl\u00ednica de gimnasia dirigida a j\u00f3venes talentos en el Estadio Mary Ter\u00e1n de Weiss de Villa Soldati, organizada por la Secretar\u00eda de Deportes de la Ciudad.<\/p>\n<p>Fuente: EFE<\/p>\n","protected":false},"excerpt":{"rendered":"<p>Simone Biles, la gimnasta m\u00e1s premiada de la historia con 11 medallas ol\u00edmpicas y 23 oros campeonatos mundiales, asegur\u00f3 este mi\u00e9rcoles durante una charla en Buenos Aires que persiste el estigma sobre la salud mental en el deporte y mantuvo la incertidumbre sobre su participaci\u00f3n en los Juegos Ol\u00edmpicos de Los \u00c1ngeles 2028. &#8220;La salud [&hellip;]<\/p>\n","protected":false},"author":2,"featured_media":231858,"comment_status":"closed","ping_status":"closed","sticky":false,"template":"","format":"standard","meta":{"footnotes":""},"categories":[188,12870],"tags":[5231,12865],"class_list":["post-231857","post","type-post","status-publish","format-standard","has-post-thumbnail","hentry","category-deportes","category-destacadas","tag-deportes","tag-destacadas"],"jetpack_featured_media_url":"https:\/\/rnoticias.com.mx\/Portal\/wp-content\/uploads\/2025\/10\/simone-biles-gimnasta-eeuu_96.webp","amp_enabled":true,"_links":{"self":[{"href":"https:\/\/rnoticias.com.mx\/Portal\/wp-json\/wp\/v2\/posts\/231857","targetHints":{"allow":["GET"]}}],"collection":[{"href":"https:\/\/rnoticias.com.mx\/Portal\/wp-json\/wp\/v2\/posts"}],"about":[{"href":"https:\/\/rnoticias.com.mx\/Portal\/wp-json\/wp\/v2\/types\/post"}],"author":[{"embeddable":true,"href":"https:\/\/rnoticias.com.mx\/Portal\/wp-json\/wp\/v2\/users\/2"}],"replies":[{"embeddable":true,"href":"https:\/\/rnoticias.com.mx\/Portal\/wp-json\/wp\/v2\/comments?post=231857"}],"version-history":[{"count":1,"href":"https:\/\/rnoticias.com.mx\/Portal\/wp-json\/wp\/v2\/posts\/231857\/revisions"}],"predecessor-version":[{"id":231859,"href":"https:\/\/rnoticias.com.mx\/Portal\/wp-json\/wp\/v2\/posts\/231857\/revisions\/231859"}],"wp:featuredmedia":[{"embeddable":true,"href":"https:\/\/rnoticias.com.mx\/Portal\/wp-json\/wp\/v2\/media\/231858"}],"wp:attachment":[{"href":"https:\/\/rnoticias.com.mx\/Portal\/wp-json\/wp\/v2\/media?parent=231857"}],"wp:term":[{"taxonomy":"category","embeddable":true,"href":"https:\/\/rnoticias.com.mx\/Portal\/wp-json\/wp\/v2\/categories?post=231857"},{"taxonomy":"post_tag","embeddable":true,"href":"https:\/\/rnoticias.com.mx\/Portal\/wp-json\/wp\/v2\/tags?post=231857"}],"curies":[{"name":"wp","href":"https:\/\/api.w.org\/{rel}","templated":true}]}}