{"id":231854,"date":"2025-10-09T19:11:27","date_gmt":"2025-10-10T02:11:27","guid":{"rendered":"https:\/\/rnoticias.com.mx\/Portal\/?p=231854"},"modified":"2025-10-09T19:11:27","modified_gmt":"2025-10-10T02:11:27","slug":"embajadora-de-israel-en-mexico-niega-maltrato-a-mexicanos-de-la-flotilla-sumud","status":"publish","type":"post","link":"https:\/\/rnoticias.com.mx\/Portal\/2025\/10\/09\/embajadora-de-israel-en-mexico-niega-maltrato-a-mexicanos-de-la-flotilla-sumud\/","title":{"rendered":"Embajadora de Israel en M\u00e9xico niega maltrato a mexicanos de la Flotilla Sumud"},"content":{"rendered":"<p><strong>La embajadora de Israel en M\u00e9xico<\/strong>, Einat Kranz Neiger, rechaz\u00f3 este jueves las acusaciones de maltrato a los seis mexicanos de la\u00a0<strong>Flotilla Global Sumud\u00a0<\/strong>que el mi\u00e9rcoles fueron repatriados tras varios d\u00edas retenidos en una prisi\u00f3n israel\u00ed.<\/p>\n<p>Kranz Neiger afirm\u00f3 en una conferencia de prensa virtual que es<strong>\u00a0&#8220;completamente falso&#8221;\u00a0<\/strong>que los seis mexicanos hayan sido maltratados, como denunciaron los propios activistas a su regreso a M\u00e9xico.<\/p>\n<p><strong>&#8220;El embajador de M\u00e9xico en Israel (Mauricio Escanero) estuvo con ellos, los fue a ver, los pudo visitar y asegur\u00f3 que estaban en buen estado. As\u00ed que nosotros estamos completamente seguros que ellos recibieron un trato digno y que no hubo ning\u00fan maltrato en contra de ellos&#8221;,<\/strong>\u00a0sostuvo Kranz Neiger.<\/p>\n<p>Adem\u00e1s, la diplom\u00e1tica neg\u00f3 que Escanero hubiera sido agredido en Israel, como denunciaron miembros de la flotilla.<\/p>\n<p><strong>&#8220;Muchos de los participantes de la flotilla publicaron estas declaraciones y parece que fue algo con un prop\u00f3sito de deslegitimizar a Israel y nosotros lo negamos completamente&#8221;,<\/strong>\u00a0indic\u00f3 la embajadora.<\/p>\n<p>Kranz Neiger expuso que su representaci\u00f3n no tiene<strong>\u00a0&#8220;ning<\/strong>una evidencia&#8221; de alguna agresi\u00f3n, y se\u00f1al\u00f3 que durante su estancia en Israel los mexicanos<strong>\u00a0&#8220;no presentaron ninguna queja o denuncia&#8221;.<\/strong><\/p>\n<p>Asimismo, calific\u00f3 de\u00a0<strong>&#8220;provocaci\u00f3n y propaganda medi\u00e1tica&#8221; el intento de la Flotilla Global Sumud de romper el &#8220;bloqueo leg\u00edtimo internacionalmente reconocido por Naciones Unidas&#8221; p<\/strong>ara llevar ayuda humanitaria a Gaza.<\/p>\n<p><strong>&#8220;Lo \u00fanico que quer\u00edan era una provocaci\u00f3n medi\u00e1tica y presentar a Israel en luz negativa. Al final, cuando se intercept\u00f3 esa flotilla y se revisaron los buques, se encontr\u00f3 que tra\u00edan una cantidad m\u00ednima muy, muy peque\u00f1a de ayuda humanitaria&#8221;,<\/strong>\u00a0expuso.<\/p>\n<p>En cuanto a los se\u00f1alamientos de genocidio cometido por Israel en Gaza, realizados por M\u00e9xico y otros pa\u00edses,<strong>\u00a0la embajadora israel\u00ed tambi\u00e9n neg\u00f3 la comisi\u00f3n de cr\u00edmenes de guerra e insisti\u00f3 en que las acciones de su pa\u00eds fueron en respuesta a los actos terroristas cometidos por Ham\u00e1s el 7 de octubre de 2023.<\/strong><\/p>\n<p><strong>&#8220;Nosotros negamos las acusaciones. Israel no est\u00e1 cometiendo un genocidio en Gaza, se est\u00e1 defendiendo, haciendo todo lo posible para minimizar el sufrimiento de la poblaci\u00f3n civil, para minimizar las v\u00edctimas, para que haya suficiente ayuda humanitaria&#8221;<\/strong>, dijo.<\/p>\n<p>Aunque lament\u00f3 las v\u00edctimas mortales, la embajadora asever\u00f3 que en<strong>\u00a0&#8220;ning\u00fan momento&#8221; Israel tuvo &#8220;como objetivo la destrucci\u00f3n de la poblaci\u00f3n civil o mucho menos&#8221;.<\/strong><\/p>\n<p>Las declaraciones de Kranz Neiger ocurren cuando avanza el acuerdo inicial de paz entre Israel y Ham\u00e1s, que conlleva la liberaci\u00f3n de todos los rehenes israel\u00edes, un alto el fuego y la retirada parcial de Gaza del Ej\u00e9rcito de Israel.<\/p>\n<p><strong>Tambi\u00e9n suceden un d\u00eda despu\u00e9s de que los seis activistas mexicanos que participaron en la flotilla denunciaron ante medios<\/strong>, a su llegada el mi\u00e9rcoles al Aeropuerto Internacional de la Ciudad de M\u00e9xico, haber sido v\u00edctimas de tortura f\u00edsica y psicol\u00f3gica durante su retenci\u00f3n en Israel.<\/p>\n<p>&nbsp;<\/p>\n<p>Fuente: EFE<\/p>\n","protected":false},"excerpt":{"rendered":"<p>La embajadora de Israel en M\u00e9xico, Einat Kranz Neiger, rechaz\u00f3 este jueves las acusaciones de maltrato a los seis mexicanos de la\u00a0Flotilla Global Sumud\u00a0que el mi\u00e9rcoles fueron repatriados tras varios d\u00edas retenidos en una prisi\u00f3n israel\u00ed. Kranz Neiger afirm\u00f3 en una conferencia de prensa virtual que es\u00a0&#8220;completamente falso&#8221;\u00a0que los seis mexicanos hayan sido maltratados, como [&hellip;]<\/p>\n","protected":false},"author":2,"featured_media":231855,"comment_status":"closed","ping_status":"closed","sticky":false,"template":"","format":"standard","meta":{"footnotes":""},"categories":[12870,172],"tags":[12865,12874],"class_list":["post-231854","post","type-post","status-publish","format-standard","has-post-thumbnail","hentry","category-destacadas","category-nacional","tag-destacadas","tag-nacional"],"jetpack_featured_media_url":"https:\/\/rnoticias.com.mx\/Portal\/wp-content\/uploads\/2025\/10\/f850x638-127425_204914_5050.webp","amp_enabled":true,"_links":{"self":[{"href":"https:\/\/rnoticias.com.mx\/Portal\/wp-json\/wp\/v2\/posts\/231854","targetHints":{"allow":["GET"]}}],"collection":[{"href":"https:\/\/rnoticias.com.mx\/Portal\/wp-json\/wp\/v2\/posts"}],"about":[{"href":"https:\/\/rnoticias.com.mx\/Portal\/wp-json\/wp\/v2\/types\/post"}],"author":[{"embeddable":true,"href":"https:\/\/rnoticias.com.mx\/Portal\/wp-json\/wp\/v2\/users\/2"}],"replies":[{"embeddable":true,"href":"https:\/\/rnoticias.com.mx\/Portal\/wp-json\/wp\/v2\/comments?post=231854"}],"version-history":[{"count":1,"href":"https:\/\/rnoticias.com.mx\/Portal\/wp-json\/wp\/v2\/posts\/231854\/revisions"}],"predecessor-version":[{"id":231856,"href":"https:\/\/rnoticias.com.mx\/Portal\/wp-json\/wp\/v2\/posts\/231854\/revisions\/231856"}],"wp:featuredmedia":[{"embeddable":true,"href":"https:\/\/rnoticias.com.mx\/Portal\/wp-json\/wp\/v2\/media\/231855"}],"wp:attachment":[{"href":"https:\/\/rnoticias.com.mx\/Portal\/wp-json\/wp\/v2\/media?parent=231854"}],"wp:term":[{"taxonomy":"category","embeddable":true,"href":"https:\/\/rnoticias.com.mx\/Portal\/wp-json\/wp\/v2\/categories?post=231854"},{"taxonomy":"post_tag","embeddable":true,"href":"https:\/\/rnoticias.com.mx\/Portal\/wp-json\/wp\/v2\/tags?post=231854"}],"curies":[{"name":"wp","href":"https:\/\/api.w.org\/{rel}","templated":true}]}}