{"id":231817,"date":"2025-10-09T17:56:57","date_gmt":"2025-10-10T00:56:57","guid":{"rendered":"https:\/\/rnoticias.com.mx\/Portal\/?p=231817"},"modified":"2025-10-09T17:56:57","modified_gmt":"2025-10-10T00:56:57","slug":"fiscalia-revela-que-omar-n-tiene-dos-carpetas-mas-de-investigacion","status":"publish","type":"post","link":"https:\/\/rnoticias.com.mx\/Portal\/2025\/10\/09\/fiscalia-revela-que-omar-n-tiene-dos-carpetas-mas-de-investigacion\/","title":{"rendered":"Fiscal\u00eda revela que Omar &#8216;N&#8217; tiene dos carpetas m\u00e1s de investigaci\u00f3n"},"content":{"rendered":"<p>La Fiscal\u00eda de Jalisco (M\u00e9xico), confirm\u00f3 este jueves que Omar Bravo, mundialista en Alemania-2006, tiene dos carpetas m\u00e1s de investigaci\u00f3n, previas a la denuncia de presunto abuso sexual a una menor por la que fue detenido el s\u00e1bado pasado.<\/p>\n<p><strong>&#8220;Hay antecedentes, al parecer de dos carpetas previas que est\u00e1n en archivo. Se est\u00e1 revisando para darles la informaci\u00f3n precisa,<\/strong>\u00a0pero la que est\u00e1 abierta y es actual solo es una&#8221;, explic\u00f3 Lidia Canales Rodr\u00edguez, funcionaria de la Fiscal\u00eda de Investigaci\u00f3n Especializada en Atenci\u00f3n a Mujeres, Ni\u00f1as, Adolescentes, Raz\u00f3n de G\u00e9nero y Familia de Jalisco.<\/p>\n<p>La servidora p\u00fablica agreg\u00f3 que cada una de las anteriores carpetas de investigaci\u00f3n pertenecen a v\u00edctimas diferentes y que\u00a0<strong>&#8220;necesitan revisarlas&#8221; para saber si podr\u00edan ser agravantes en su actual caso.<\/strong><\/p>\n<p>Bravo, de 44 a\u00f1os,<strong>\u00a0fue capturado el s\u00e1bado en un operativo en el centro de Zapopan, luego de una denuncia.<\/strong><\/p>\n<p>&#8220;Por su presunta responsabilidad en el delito de abuso sexual infantil agravado, elementos de la polic\u00eda de investigaci\u00f3n adscritos a la Vicefiscal\u00eda en investigaci\u00f3n especializada en atenci\u00f3n a mujeres, ni\u00f1as, ni\u00f1os y adolescentes, raz\u00f3n de g\u00e9nero y familia, logr\u00f3 capturar a un hombre, identificado como Omar &#8216;N'&#8221;, dijo la fiscal\u00eda en una nota de prensa.<\/p>\n<p>De acuerdo con las investigaciones,\u00a0<strong>el delantero retirado habr\u00eda abusado de una adolescente en distintas ocasiones en los \u00faltimos meses y se presume que anteriormente habr\u00eda cometido acciones similares.<\/strong><\/p>\n<p>Bravo, miembro de la selecci\u00f3n mexicana campeona de la Copa Oro en 2003 y 2009, s<strong>e mantiene en prisi\u00f3n preventiva a la espera de ser vinculado a un proceso penal.<\/strong><\/p>\n<p>El antiguo artillero es considerado una de las figuras m\u00e1s importantes de las Chivas del Guadalajara, uno de los dos equipos m\u00e1s populares de M\u00e9xico y del cual es el goleador hist\u00f3rico con 160 anotaciones.<\/p>\n<p>Adem\u00e1s de vestir la camiseta de las Chivas, el atacante jug\u00f3 en Deportivo La Coru\u00f1a en Espa\u00f1a, y en M\u00e9xico con Tigres UANL, Cruz Azul, Atlas y Leones Negros de M\u00e9xico. En Estados Unidos fue figura en Sporting Kansas City, North Carolina y Phoenix Rising.<\/p>\n<p>&nbsp;<\/p>\n","protected":false},"excerpt":{"rendered":"<p>La Fiscal\u00eda de Jalisco (M\u00e9xico), confirm\u00f3 este jueves que Omar Bravo, mundialista en Alemania-2006, tiene dos carpetas m\u00e1s de investigaci\u00f3n, previas a la denuncia de presunto abuso sexual a una menor por la que fue detenido el s\u00e1bado pasado. &#8220;Hay antecedentes, al parecer de dos carpetas previas que est\u00e1n en archivo. Se est\u00e1 revisando para [&hellip;]<\/p>\n","protected":false},"author":2,"featured_media":231818,"comment_status":"closed","ping_status":"closed","sticky":false,"template":"","format":"standard","meta":{"footnotes":""},"categories":[188,12870],"tags":[5231,12865],"class_list":["post-231817","post","type-post","status-publish","format-standard","has-post-thumbnail","hentry","category-deportes","category-destacadas","tag-deportes","tag-destacadas"],"jetpack_featured_media_url":"https:\/\/rnoticias.com.mx\/Portal\/wp-content\/uploads\/2025\/10\/omar-n-efe-6d2b3769-focus-min0.01-0.31-696-464.jpg","amp_enabled":true,"_links":{"self":[{"href":"https:\/\/rnoticias.com.mx\/Portal\/wp-json\/wp\/v2\/posts\/231817","targetHints":{"allow":["GET"]}}],"collection":[{"href":"https:\/\/rnoticias.com.mx\/Portal\/wp-json\/wp\/v2\/posts"}],"about":[{"href":"https:\/\/rnoticias.com.mx\/Portal\/wp-json\/wp\/v2\/types\/post"}],"author":[{"embeddable":true,"href":"https:\/\/rnoticias.com.mx\/Portal\/wp-json\/wp\/v2\/users\/2"}],"replies":[{"embeddable":true,"href":"https:\/\/rnoticias.com.mx\/Portal\/wp-json\/wp\/v2\/comments?post=231817"}],"version-history":[{"count":1,"href":"https:\/\/rnoticias.com.mx\/Portal\/wp-json\/wp\/v2\/posts\/231817\/revisions"}],"predecessor-version":[{"id":231819,"href":"https:\/\/rnoticias.com.mx\/Portal\/wp-json\/wp\/v2\/posts\/231817\/revisions\/231819"}],"wp:featuredmedia":[{"embeddable":true,"href":"https:\/\/rnoticias.com.mx\/Portal\/wp-json\/wp\/v2\/media\/231818"}],"wp:attachment":[{"href":"https:\/\/rnoticias.com.mx\/Portal\/wp-json\/wp\/v2\/media?parent=231817"}],"wp:term":[{"taxonomy":"category","embeddable":true,"href":"https:\/\/rnoticias.com.mx\/Portal\/wp-json\/wp\/v2\/categories?post=231817"},{"taxonomy":"post_tag","embeddable":true,"href":"https:\/\/rnoticias.com.mx\/Portal\/wp-json\/wp\/v2\/tags?post=231817"}],"curies":[{"name":"wp","href":"https:\/\/api.w.org\/{rel}","templated":true}]}}