{"id":231804,"date":"2025-10-09T17:42:53","date_gmt":"2025-10-10T00:42:53","guid":{"rendered":"https:\/\/rnoticias.com.mx\/Portal\/?p=231804"},"modified":"2025-10-09T17:42:53","modified_gmt":"2025-10-10T00:42:53","slug":"bomberos-entrenan-respuesta-a-autos-electricos","status":"publish","type":"post","link":"https:\/\/rnoticias.com.mx\/Portal\/2025\/10\/09\/bomberos-entrenan-respuesta-a-autos-electricos\/","title":{"rendered":"Bomberos entrenan respuesta a autos el\u00e9ctricos"},"content":{"rendered":"<p>Hermosillo, Sonora. Con la finalidad de enfrentar de forma efectiva las nuevas amenazas que representa la tecnolog\u00eda automotriz, 36 elementos del Departamento de Bomberos de Hermosillo comenzaron una capacitaci\u00f3n especializada en el manejo de emergencias derivadas del uso de veh\u00edculos el\u00e9ctricos.<\/p>\n<p>&nbsp;<\/p>\n<p>Del 8 al 10 de octubre, los participantes se entrenan en protocolos de seguridad relacionados con bater\u00edas de ion-litio, que presentan riesgos particulares como emisiones t\u00f3xicas, descargas el\u00e9ctricas y reacciones t\u00e9rmicas dif\u00edciles de controlar. Estos conocimientos son fundamentales para evitar da\u00f1os mayores durante incendios o accidentes con este tipo de unidades.<\/p>\n<p>&nbsp;<\/p>\n<p>Esta etapa formativa est\u00e1 dise\u00f1ada para ser replicada dentro del cuerpo operativo, de modo que los bomberos capacitados sirvan como multiplicadores del aprendizaje adquirido.<\/p>\n<p>&nbsp;<\/p>\n<p>El curso cuenta con la participaci\u00f3n de expertos internacionales provenientes de California, Nueva York y Canad\u00e1, quienes han compartido experiencias, estudios de caso y procedimientos espec\u00edficos para actuar en escenarios con veh\u00edculos el\u00e9ctricos, sistemas de energ\u00eda fotovoltaica y tecnolog\u00edas emergentes.<\/p>\n<p>&nbsp;<\/p>\n<p>Jes\u00fas Fierro Romo, secretario del Sindicato \u00danico de Bomberos de Hermosillo, destac\u00f3 que esta capacitaci\u00f3n es producto de la colaboraci\u00f3n entre el sindicato, el Gobierno Municipal y el Patronato de Bomberos, a trav\u00e9s de la Comisi\u00f3n de Capacitaci\u00f3n Mixta.<\/p>\n<p>&nbsp;<\/p>\n<p>\u201cEl objetivo es mantener a la corporaci\u00f3n preparada ante los avances tecnol\u00f3gicos que llegan a la ciudad. por ese motivo se requiri\u00f3 del apoyo de expertos extranjeros en asuntos relacionados con veh\u00edculos el\u00e9ctricos, sistemas de energ\u00eda fotovoltaica y tecnolog\u00edas emergentes\u201d, argument\u00f3.<\/p>\n<p>&nbsp;<\/p>\n<p>A\u00f1adi\u00f3, que adem\u00e1s de atender emergencias m\u00e1s complejas, los bomberos de Hermosillo tambi\u00e9n buscan reducir riesgos para su propio personal.<\/p>\n<p>&nbsp;<\/p>\n<p>Finalmente, Fierro Romo dijo que la formaci\u00f3n contempla t\u00e1cticas de intervenci\u00f3n seguras, que permiten actuar sin comprometer la integridad del equipo.<\/p>\n<p>&nbsp;<\/p>\n","protected":false},"excerpt":{"rendered":"<p>Hermosillo, Sonora. Con la finalidad de enfrentar de forma efectiva las nuevas amenazas que representa la tecnolog\u00eda automotriz, 36 elementos del Departamento de Bomberos de Hermosillo comenzaron una capacitaci\u00f3n especializada en el manejo de emergencias derivadas del uso de veh\u00edculos el\u00e9ctricos. &nbsp; Del 8 al 10 de octubre, los participantes se entrenan en protocolos de [&hellip;]<\/p>\n","protected":false},"author":2,"featured_media":231805,"comment_status":"closed","ping_status":"closed","sticky":false,"template":"","format":"standard","meta":{"footnotes":""},"categories":[12870,178],"tags":[12865,12869],"class_list":["post-231804","post","type-post","status-publish","format-standard","has-post-thumbnail","hentry","category-destacadas","category-local","tag-destacadas","tag-local"],"jetpack_featured_media_url":"https:\/\/rnoticias.com.mx\/Portal\/wp-content\/uploads\/2025\/10\/3d2cac32-cd42-4cb1-9b50-cd45d23f0fa7.jpeg","amp_enabled":true,"_links":{"self":[{"href":"https:\/\/rnoticias.com.mx\/Portal\/wp-json\/wp\/v2\/posts\/231804","targetHints":{"allow":["GET"]}}],"collection":[{"href":"https:\/\/rnoticias.com.mx\/Portal\/wp-json\/wp\/v2\/posts"}],"about":[{"href":"https:\/\/rnoticias.com.mx\/Portal\/wp-json\/wp\/v2\/types\/post"}],"author":[{"embeddable":true,"href":"https:\/\/rnoticias.com.mx\/Portal\/wp-json\/wp\/v2\/users\/2"}],"replies":[{"embeddable":true,"href":"https:\/\/rnoticias.com.mx\/Portal\/wp-json\/wp\/v2\/comments?post=231804"}],"version-history":[{"count":1,"href":"https:\/\/rnoticias.com.mx\/Portal\/wp-json\/wp\/v2\/posts\/231804\/revisions"}],"predecessor-version":[{"id":231806,"href":"https:\/\/rnoticias.com.mx\/Portal\/wp-json\/wp\/v2\/posts\/231804\/revisions\/231806"}],"wp:featuredmedia":[{"embeddable":true,"href":"https:\/\/rnoticias.com.mx\/Portal\/wp-json\/wp\/v2\/media\/231805"}],"wp:attachment":[{"href":"https:\/\/rnoticias.com.mx\/Portal\/wp-json\/wp\/v2\/media?parent=231804"}],"wp:term":[{"taxonomy":"category","embeddable":true,"href":"https:\/\/rnoticias.com.mx\/Portal\/wp-json\/wp\/v2\/categories?post=231804"},{"taxonomy":"post_tag","embeddable":true,"href":"https:\/\/rnoticias.com.mx\/Portal\/wp-json\/wp\/v2\/tags?post=231804"}],"curies":[{"name":"wp","href":"https:\/\/api.w.org\/{rel}","templated":true}]}}