{"id":231801,"date":"2025-10-09T17:41:28","date_gmt":"2025-10-10T00:41:28","guid":{"rendered":"https:\/\/rnoticias.com.mx\/Portal\/?p=231801"},"modified":"2025-10-09T17:41:28","modified_gmt":"2025-10-10T00:41:28","slug":"sonorense-relata-dificil-labor-humanitaria-en-gaza","status":"publish","type":"post","link":"https:\/\/rnoticias.com.mx\/Portal\/2025\/10\/09\/sonorense-relata-dificil-labor-humanitaria-en-gaza\/","title":{"rendered":"Sonorense relata dif\u00edcil labor humanitaria en Gaza"},"content":{"rendered":"<p>Rafael Yari Cabanillas, originario de Sonora y responsable de log\u00edstica en M\u00e9dicos Sin Fronteras (MSF), comparti\u00f3 v\u00eda telef\u00f3nica su experiencia en la Franja de Gaza, donde la organizaci\u00f3n atiende a v\u00edctimas del conflicto armado.<\/p>\n<p>&nbsp;<\/p>\n<p>Cabanillas describi\u00f3 la cr\u00edtica situaci\u00f3n humanitaria: heridos por metralla, balas y desnutrici\u00f3n infantil, adem\u00e1s de una maternidad colapsada.<\/p>\n<p>&nbsp;<\/p>\n<p>\u201cLa situaci\u00f3n humanitaria es bastante compleja, aqu\u00ed en la zona donde estamos nosotros en el sur de la franja, estamos en el 13% por ciento m\u00e1s o menos de la totalidad de la franja, se ha comprimido digamos toda la poblaci\u00f3n en esta zona, se siente bastante hacinada la poblaci\u00f3n, donde uno voltea hay carpas, la gente se ha ido instalando como puede en los lugares que encuentra vac\u00edos ya muy cerca del mar\u201d, detall\u00f3.<\/p>\n<p>&nbsp;<\/p>\n<p>A\u00f1adi\u00f3, que se tiene todo un\u00a0centro grande de heridos, heridos de bala principalmente, \u00e1reas de salud mental y en particular se apoya mucho a los\u00a0ni\u00f1os con malnutrici\u00f3n especialmente.<\/p>\n<p>&nbsp;<\/p>\n<p>De la misma forma, narr\u00f3 el ver todos los d\u00edas historias de desplazamiento forzado, pero tambi\u00e9n de esperanza, como bodas y nuevos nacimientos en medio del conflicto.<\/p>\n<p>&nbsp;<\/p>\n<p>Finalmente, Rafael Cabanillas mencion\u00f3 que prev\u00e9 regresar a M\u00e9xico en las pr\u00f3ximas semanas y anhela descansar tras intensas jornadas de trabajo en esa zona de guerra.<\/p>\n<p>&nbsp;<\/p>\n<p>&nbsp;<\/p>\n","protected":false},"excerpt":{"rendered":"<p>Rafael Yari Cabanillas, originario de Sonora y responsable de log\u00edstica en M\u00e9dicos Sin Fronteras (MSF), comparti\u00f3 v\u00eda telef\u00f3nica su experiencia en la Franja de Gaza, donde la organizaci\u00f3n atiende a v\u00edctimas del conflicto armado. &nbsp; Cabanillas describi\u00f3 la cr\u00edtica situaci\u00f3n humanitaria: heridos por metralla, balas y desnutrici\u00f3n infantil, adem\u00e1s de una maternidad colapsada. &nbsp; \u201cLa [&hellip;]<\/p>\n","protected":false},"author":2,"featured_media":231802,"comment_status":"closed","ping_status":"closed","sticky":false,"template":"","format":"standard","meta":{"footnotes":""},"categories":[12870,178],"tags":[12865,12869],"class_list":["post-231801","post","type-post","status-publish","format-standard","has-post-thumbnail","hentry","category-destacadas","category-local","tag-destacadas","tag-local"],"jetpack_featured_media_url":"https:\/\/rnoticias.com.mx\/Portal\/wp-content\/uploads\/2025\/10\/RYCG_pic-144x144-1.jpg","amp_enabled":true,"_links":{"self":[{"href":"https:\/\/rnoticias.com.mx\/Portal\/wp-json\/wp\/v2\/posts\/231801","targetHints":{"allow":["GET"]}}],"collection":[{"href":"https:\/\/rnoticias.com.mx\/Portal\/wp-json\/wp\/v2\/posts"}],"about":[{"href":"https:\/\/rnoticias.com.mx\/Portal\/wp-json\/wp\/v2\/types\/post"}],"author":[{"embeddable":true,"href":"https:\/\/rnoticias.com.mx\/Portal\/wp-json\/wp\/v2\/users\/2"}],"replies":[{"embeddable":true,"href":"https:\/\/rnoticias.com.mx\/Portal\/wp-json\/wp\/v2\/comments?post=231801"}],"version-history":[{"count":1,"href":"https:\/\/rnoticias.com.mx\/Portal\/wp-json\/wp\/v2\/posts\/231801\/revisions"}],"predecessor-version":[{"id":231803,"href":"https:\/\/rnoticias.com.mx\/Portal\/wp-json\/wp\/v2\/posts\/231801\/revisions\/231803"}],"wp:featuredmedia":[{"embeddable":true,"href":"https:\/\/rnoticias.com.mx\/Portal\/wp-json\/wp\/v2\/media\/231802"}],"wp:attachment":[{"href":"https:\/\/rnoticias.com.mx\/Portal\/wp-json\/wp\/v2\/media?parent=231801"}],"wp:term":[{"taxonomy":"category","embeddable":true,"href":"https:\/\/rnoticias.com.mx\/Portal\/wp-json\/wp\/v2\/categories?post=231801"},{"taxonomy":"post_tag","embeddable":true,"href":"https:\/\/rnoticias.com.mx\/Portal\/wp-json\/wp\/v2\/tags?post=231801"}],"curies":[{"name":"wp","href":"https:\/\/api.w.org\/{rel}","templated":true}]}}