{"id":231798,"date":"2025-10-09T16:39:57","date_gmt":"2025-10-09T23:39:57","guid":{"rendered":"https:\/\/rnoticias.com.mx\/Portal\/?p=231798"},"modified":"2025-10-09T16:39:57","modified_gmt":"2025-10-09T23:39:57","slug":"preven-lluvias-intensas-en-sonora-por-tormenta-raymond-y-frente-frio","status":"publish","type":"post","link":"https:\/\/rnoticias.com.mx\/Portal\/2025\/10\/09\/preven-lluvias-intensas-en-sonora-por-tormenta-raymond-y-frente-frio\/","title":{"rendered":"Prev\u00e9n lluvias intensas en Sonora por tormenta Raymond y frente fr\u00edo"},"content":{"rendered":"<p>La Comisi\u00f3n Nacional del Agua en Sonora (Conagua), dio a conocer que la tormenta tropical Priscila se encuentra en proceso de debilitamiento, aunque a\u00fan genera humedad en el norte de Sonora, provocando lluvias ligeras a moderadas este jueves y viernes.<\/p>\n<p>&nbsp;<\/p>\n<p>Gilberto Lagarda V\u00e1zquez, jefe de Meteorolog\u00eda de la Conagua, inform\u00f3 que partir del s\u00e1bado, se espera un cambio dr\u00e1stico debido a la tormenta tropical Raymond, que se desplazar\u00e1 por el Pac\u00edfico mexicano y coincidir\u00e1 con el primer frente fr\u00edo que afectar\u00e1 directamente al estado.<\/p>\n<p>&nbsp;<\/p>\n<p>Estos dos fen\u00f3menos se van a combinar para generar lluvias de fuertes a intensas para el estado de Sonora.\u00a0Aqu\u00ed esperamos mucha lluvia a partir del s\u00e1bado, s\u00e1bado, domingo y todav\u00eda el lunes ya un poco menos intensas,\u00a0pero s\u00ed van a seguir present\u00e1ndose lluvias en el estado de Sonora.\u00a0Pr\u00e1cticamente casi todo el estado tiene posibilidades de lluvia, y pues algunas, sobre todo las partes costeras y las zonas serranas,\u00a0pueden tener lluvias intensas arriba, acumuladas que pueden superar los 100 mil\u00edmetros de lluvia,\u00a0as\u00ed que si viene algo fuerte se va a combinar con este frente fr\u00edo\u201d, asever\u00f3.<\/p>\n<p>&nbsp;<\/p>\n<p>Adem\u00e1s, se prev\u00e9 un descenso notable en las temperaturas, con m\u00e1ximas que bajar\u00e1n de los 40 a los 30 grados y m\u00ednimas por debajo de los 20 \u00b0C. Hermosillo tendr\u00e1 un aumento en la probabilidad de lluvias, alcanzando un 80% el fin de semana. Tambi\u00e9n se esperan vientos moderados a fuertes, con rachas de hasta 70 km\/h.<\/p>\n<p>&nbsp;<\/p>\n<p>Finalmente, Lagarda V\u00e1zquez, se\u00f1al\u00f3 que estas condiciones podr\u00edan marcar el inicio del fin del calor extremo, aunque depender\u00e1 del comportamiento de los pr\u00f3ximos frentes fr\u00edos.<\/p>\n<p>&nbsp;<\/p>\n","protected":false},"excerpt":{"rendered":"<p>La Comisi\u00f3n Nacional del Agua en Sonora (Conagua), dio a conocer que la tormenta tropical Priscila se encuentra en proceso de debilitamiento, aunque a\u00fan genera humedad en el norte de Sonora, provocando lluvias ligeras a moderadas este jueves y viernes. &nbsp; Gilberto Lagarda V\u00e1zquez, jefe de Meteorolog\u00eda de la Conagua, inform\u00f3 que partir del s\u00e1bado, [&hellip;]<\/p>\n","protected":false},"author":2,"featured_media":231799,"comment_status":"closed","ping_status":"closed","sticky":false,"template":"","format":"standard","meta":{"footnotes":""},"categories":[12870,178],"tags":[12865,12869],"class_list":["post-231798","post","type-post","status-publish","format-standard","has-post-thumbnail","hentry","category-destacadas","category-local","tag-destacadas","tag-local"],"jetpack_featured_media_url":"https:\/\/rnoticias.com.mx\/Portal\/wp-content\/uploads\/2025\/10\/lluvianeguaymasyempalme-43debf65-focus-0-0-1300-865.webp","amp_enabled":true,"_links":{"self":[{"href":"https:\/\/rnoticias.com.mx\/Portal\/wp-json\/wp\/v2\/posts\/231798","targetHints":{"allow":["GET"]}}],"collection":[{"href":"https:\/\/rnoticias.com.mx\/Portal\/wp-json\/wp\/v2\/posts"}],"about":[{"href":"https:\/\/rnoticias.com.mx\/Portal\/wp-json\/wp\/v2\/types\/post"}],"author":[{"embeddable":true,"href":"https:\/\/rnoticias.com.mx\/Portal\/wp-json\/wp\/v2\/users\/2"}],"replies":[{"embeddable":true,"href":"https:\/\/rnoticias.com.mx\/Portal\/wp-json\/wp\/v2\/comments?post=231798"}],"version-history":[{"count":1,"href":"https:\/\/rnoticias.com.mx\/Portal\/wp-json\/wp\/v2\/posts\/231798\/revisions"}],"predecessor-version":[{"id":231800,"href":"https:\/\/rnoticias.com.mx\/Portal\/wp-json\/wp\/v2\/posts\/231798\/revisions\/231800"}],"wp:featuredmedia":[{"embeddable":true,"href":"https:\/\/rnoticias.com.mx\/Portal\/wp-json\/wp\/v2\/media\/231799"}],"wp:attachment":[{"href":"https:\/\/rnoticias.com.mx\/Portal\/wp-json\/wp\/v2\/media?parent=231798"}],"wp:term":[{"taxonomy":"category","embeddable":true,"href":"https:\/\/rnoticias.com.mx\/Portal\/wp-json\/wp\/v2\/categories?post=231798"},{"taxonomy":"post_tag","embeddable":true,"href":"https:\/\/rnoticias.com.mx\/Portal\/wp-json\/wp\/v2\/tags?post=231798"}],"curies":[{"name":"wp","href":"https:\/\/api.w.org\/{rel}","templated":true}]}}